{"id":2258,"date":"2024-01-21T21:30:57","date_gmt":"2024-01-21T20:30:57","guid":{"rendered":"https:\/\/www.tjspartakvaltirov.cz\/?p=2258"},"modified":"2024-02-26T20:29:47","modified_gmt":"2024-02-26T19:29:47","slug":"anketa-ktery-klub-na-ustecku-je-u-fanousku-nejoblibenejsi","status":"publish","type":"post","link":"https:\/\/www.tjspartakvaltirov.cz\/?p=2258","title":{"rendered":"ANKETA: Kter\u00fd klub na \u00dastecku je u fanou\u0161k\u016f nejobl\u00edben\u011bj\u0161\u00ed?"},"content":{"rendered":"\n<p><strong>Sportovn\u00ed redakce Den\u00edku si nejen pro fotbalov\u00e9 nad\u0161ence p\u0159ichystala unik\u00e1tn\u00ed anketu, v\u00a0r\u00e1mci kter\u00e9 spole\u010dn\u011b najdeme na \u00dastecku fotbalov\u00fd klub, kter\u00fd je u\u00a0nich nejobl\u00edben\u011bj\u0161\u00ed.<\/strong> <a href=\"https:\/\/ustecky.denik.cz\/fotbal_region\/anketa-ktery-klub-na-ustecku-je-u-fanousku-nejoblibenejsi-20240119.html\">https:\/\/ustecky.denik.cz\/fotbal_region\/anketa-ktery-klub-na-ustecku-je-u-fanousku-nejoblibenejsi-20240119.html<\/a><\/p>\n\n\n\n<p><\/p>\n\n\n\n<p><\/p>\n\n\n\n<p><\/p>\n","protected":false},"excerpt":{"rendered":"<p>Sportovn\u00ed redakce Den\u00edku si nejen pro fotbalov\u00e9 nad\u0161ence p\u0159ichystala unik\u00e1tn\u00ed anketu, v\u00a0r\u00e1mci kter\u00e9 spole\u010dn\u011b najdeme na \u00dastecku fotbalov\u00fd klub, kter\u00fd je u\u00a0nich nejobl\u00edben\u011bj\u0161\u00ed. https:\/\/ustecky.denik.cz\/fotbal_region\/anketa-ktery-klub-na-ustecku-je-u-fanousku-nejoblibenejsi-20240119.html<\/p>\n","protected":false},"author":1,"featured_media":2259,"comment_status":"closed","ping_status":"open","sticky":false,"template":"","format":"standard","meta":{"footnotes":""},"categories":[37],"tags":[],"class_list":["post-2258","post","type-post","status-publish","format-standard","has-post-thumbnail","hentry","category-news"],"_links":{"self":[{"href":"https:\/\/www.tjspartakvaltirov.cz\/index.php?rest_route=\/wp\/v2\/posts\/2258","targetHints":{"allow":["GET"]}}],"collection":[{"href":"https:\/\/www.tjspartakvaltirov.cz\/index.php?rest_route=\/wp\/v2\/posts"}],"about":[{"href":"https:\/\/www.tjspartakvaltirov.cz\/index.php?rest_route=\/wp\/v2\/types\/post"}],"author":[{"embeddable":true,"href":"https:\/\/www.tjspartakvaltirov.cz\/index.php?rest_route=\/wp\/v2\/users\/1"}],"replies":[{"embeddable":true,"href":"https:\/\/www.tjspartakvaltirov.cz\/index.php?rest_route=%2Fwp%2Fv2%2Fcomments&post=2258"}],"version-history":[{"count":1,"href":"https:\/\/www.tjspartakvaltirov.cz\/index.php?rest_route=\/wp\/v2\/posts\/2258\/revisions"}],"predecessor-version":[{"id":2260,"href":"https:\/\/www.tjspartakvaltirov.cz\/index.php?rest_route=\/wp\/v2\/posts\/2258\/revisions\/2260"}],"wp:featuredmedia":[{"embeddable":true,"href":"https:\/\/www.tjspartakvaltirov.cz\/index.php?rest_route=\/wp\/v2\/media\/2259"}],"wp:attachment":[{"href":"https:\/\/www.tjspartakvaltirov.cz\/index.php?rest_route=%2Fwp%2Fv2%2Fmedia&parent=2258"}],"wp:term":[{"taxonomy":"category","embeddable":true,"href":"https:\/\/www.tjspartakvaltirov.cz\/index.php?rest_route=%2Fwp%2Fv2%2Fcategories&post=2258"},{"taxonomy":"post_tag","embeddable":true,"href":"https:\/\/www.tjspartakvaltirov.cz\/index.php?rest_route=%2Fwp%2Fv2%2Ftags&post=2258"}],"curies":[{"name":"wp","href":"https:\/\/api.w.org\/{rel}","templated":true}]}}