{"id":2731,"date":"2024-11-11T14:28:41","date_gmt":"2024-11-11T12:28:41","guid":{"rendered":"https:\/\/www.tjspartakvaltirov.cz\/?p=2731"},"modified":"2024-11-11T14:29:28","modified_gmt":"2024-11-11T12:29:28","slug":"zenska-reprezentace-bude-bojovat-o-me-v-teplicich","status":"publish","type":"post","link":"https:\/\/www.tjspartakvaltirov.cz\/?p=2731","title":{"rendered":"\u017densk\u00e1 reprezentace bude bojovat o ME v Teplic\u00edch!"},"content":{"rendered":"\n<p><strong>Reprzentace \u010cesk\u00e9 republiky se vrac\u00ed na St\u00ednadla! Fotbalistky \u010ceska toti\u017e \u010dekaj\u00ed posledn\u00ed dva kroky v boji o \u00fa\u010dast na fin\u00e1lov\u00e9m turnaji mistrovstv\u00ed Evropy, kter\u00e9 se uskute\u010dn\u00ed v \u010dervenci p\u0159\u00ed\u0161t\u00edho roku ve \u0160v\u00fdcarsku. \u010cesk\u00e9 reprezentantky v r\u00e1mci bar\u00e1\u017ee nastoup\u00ed k dvojutk\u00e1n\u00ed proti Portugalsku. Odveta se odehraje pr\u00e1v\u011b v Teplic\u00edch, v s\u00edti Ticketportal za\u010dal prodej vstupenek.<\/strong><\/p>\n\n\n\n<p>\u010cesk\u00e1 \u017eensk\u00e1 fotbalov\u00e1 reprezentace zvl\u00e1dla n\u00e1strahy prvn\u00edho kola bar\u00e1\u017ee, kdy\u017e v chorvatsk\u00e9 Velik\u00e9 Gorici postoupila p\u0159es B\u011blorusko. V prvn\u00edm z\u00e1pase \u010ce\u0161ky vyhr\u00e1ly&nbsp;<a href=\"https:\/\/www.fotbal.cz\/zeny\/naprosta-dominance-cesky-na-uvod-baraze-rozdrtily-belorusko\/a21202\">8:1<\/a>, v odvet\u011b si pak postup pohl\u00eddaly, kdy\u017e uhr\u00e1ly bezbrankovou rem\u00edzu&nbsp;<a href=\"https:\/\/www.fotbal.cz\/zeny\/odveta-prvniho-kola-baraze-o-me-zen-gol-neprinesla-cesky-presto-slavi-postup\/a21212\">0:0<\/a>.<\/p>\n\n\n\n<p><strong>V druh\u00e9m kole bar\u00e1\u017ee \u010dek\u00e1 na \u010desk\u00fd t\u00fdm mnohem n\u00e1ro\u010dn\u011bj\u0161\u00ed zkou\u0161ka. T\u00fdm tren\u00e9ra Karla Rady toti\u017e vyzve \u00fa\u010dastn\u00edka lo\u0148sk\u00e9ho mistrovstv\u00ed sv\u011bta i mistrovstv\u00ed Evropy z roku 2022 \u2013 t\u00fdm Portugalska.<\/strong><\/p>\n\n\n\n<p>Prvn\u00ed utk\u00e1n\u00ed vz\u00e1jemn\u00e9ho souboje je na programu v p\u00e1tek 29. listopadu na h\u0159i\u0161ti soupe\u0159e. Utk\u00e1n\u00ed se odehraje na ikonick\u00e9m stadionu Est\u00e1dio do Drag\u00e3o v Portu, kter\u00fd m\u00e1 kapacitu p\u0159esahuj\u00edc\u00ed 50 tis\u00edc div\u00e1k\u016f.<\/p>\n\n\n\n<p><strong>Odvetn\u00e9 utk\u00e1n\u00ed budou hostit v \u00fater\u00fd 3. prosince od 17:45 teplick\u00e1 AGC Ar\u00e9na Na St\u00ednadlech.<\/strong>&nbsp;Vstupenky na mimo\u0159\u00e1dn\u011b d\u016fle\u017eit\u00e9 utk\u00e1n\u00ed, kter\u00e9 m\u016f\u017ee \u010desk\u00fd v\u00fdb\u011br nasm\u011brovat na mistrovstv\u00ed Evropy, jsou k dispozici v s\u00edti&nbsp;<a href=\"https:\/\/www.ticketportal.cz\/event\/Kvalifikace-mistrovstvi-Evropy-zen-2025-Cesko-Portugalsko\">Ticketportal<\/a>.<\/p>\n\n\n\n<p>Cena vstupenek je 100 K\u010d a d\u011bti do 150 cm v\u00fd\u0161ky maj\u00ed slevu 50%. Fotbalov\u00e1 asociace \u010cesk\u00e9 republiky ve spolupr\u00e1ci s klubem nav\u00edc p\u0159ipravuje akce pro dr\u017eitele permanentek klubu FK Teplice a tak\u00e9 pro organizovan\u00e9 skupiny \u0161kol a fotbalov\u00fdch klub\u016f. O detailech v\u00e1s budeme informovat.<\/p>\n\n\n\n<figure class=\"wp-block-image size-large\"><img loading=\"lazy\" decoding=\"async\" width=\"1024\" height=\"575\" src=\"https:\/\/www.tjspartakvaltirov.cz\/wp-content\/uploads\/2024\/11\/obrazek_2024-11-11_132815928-1024x575.png\" alt=\"\" class=\"wp-image-2732\" srcset=\"https:\/\/www.tjspartakvaltirov.cz\/wp-content\/uploads\/2024\/11\/obrazek_2024-11-11_132815928-1024x575.png 1024w, https:\/\/www.tjspartakvaltirov.cz\/wp-content\/uploads\/2024\/11\/obrazek_2024-11-11_132815928-300x169.png 300w, https:\/\/www.tjspartakvaltirov.cz\/wp-content\/uploads\/2024\/11\/obrazek_2024-11-11_132815928-768x432.png 768w, https:\/\/www.tjspartakvaltirov.cz\/wp-content\/uploads\/2024\/11\/obrazek_2024-11-11_132815928-128x72.png 128w, https:\/\/www.tjspartakvaltirov.cz\/wp-content\/uploads\/2024\/11\/obrazek_2024-11-11_132815928-32x18.png 32w, https:\/\/www.tjspartakvaltirov.cz\/wp-content\/uploads\/2024\/11\/obrazek_2024-11-11_132815928-600x337.png 600w, https:\/\/www.tjspartakvaltirov.cz\/wp-content\/uploads\/2024\/11\/obrazek_2024-11-11_132815928.png 1500w\" sizes=\"auto, (max-width: 1024px) 100vw, 1024px\" \/><\/figure>\n\n\n\n<p><\/p>\n","protected":false},"excerpt":{"rendered":"<p>Reprzentace \u010cesk\u00e9 republiky se vrac\u00ed na St\u00ednadla! Fotbalistky \u010ceska toti\u017e \u010dekaj\u00ed posledn\u00ed dva kroky v boji o \u00fa\u010dast na fin\u00e1lov\u00e9m turnaji mistrovstv\u00ed Evropy, kter\u00e9 se uskute\u010dn\u00ed v \u010dervenci p\u0159\u00ed\u0161t\u00edho roku ve \u0160v\u00fdcarsku. \u010cesk\u00e9 reprezentantky v r\u00e1mci bar\u00e1\u017ee nastoup\u00ed k dvojutk\u00e1n\u00ed proti Portugalsku. Odveta se odehraje pr\u00e1v\u011b v Teplic\u00edch, v s\u00edti Ticketportal za\u010dal prodej vstupenek. \u010cesk\u00e1 [&hellip;]<\/p>\n","protected":false},"author":1,"featured_media":2732,"comment_status":"closed","ping_status":"open","sticky":false,"template":"","format":"standard","meta":{"footnotes":""},"categories":[37],"tags":[],"class_list":["post-2731","post","type-post","status-publish","format-standard","has-post-thumbnail","hentry","category-news"],"_links":{"self":[{"href":"https:\/\/www.tjspartakvaltirov.cz\/index.php?rest_route=\/wp\/v2\/posts\/2731","targetHints":{"allow":["GET"]}}],"collection":[{"href":"https:\/\/www.tjspartakvaltirov.cz\/index.php?rest_route=\/wp\/v2\/posts"}],"about":[{"href":"https:\/\/www.tjspartakvaltirov.cz\/index.php?rest_route=\/wp\/v2\/types\/post"}],"author":[{"embeddable":true,"href":"https:\/\/www.tjspartakvaltirov.cz\/index.php?rest_route=\/wp\/v2\/users\/1"}],"replies":[{"embeddable":true,"href":"https:\/\/www.tjspartakvaltirov.cz\/index.php?rest_route=%2Fwp%2Fv2%2Fcomments&post=2731"}],"version-history":[{"count":1,"href":"https:\/\/www.tjspartakvaltirov.cz\/index.php?rest_route=\/wp\/v2\/posts\/2731\/revisions"}],"predecessor-version":[{"id":2733,"href":"https:\/\/www.tjspartakvaltirov.cz\/index.php?rest_route=\/wp\/v2\/posts\/2731\/revisions\/2733"}],"wp:featuredmedia":[{"embeddable":true,"href":"https:\/\/www.tjspartakvaltirov.cz\/index.php?rest_route=\/wp\/v2\/media\/2732"}],"wp:attachment":[{"href":"https:\/\/www.tjspartakvaltirov.cz\/index.php?rest_route=%2Fwp%2Fv2%2Fmedia&parent=2731"}],"wp:term":[{"taxonomy":"category","embeddable":true,"href":"https:\/\/www.tjspartakvaltirov.cz\/index.php?rest_route=%2Fwp%2Fv2%2Fcategories&post=2731"},{"taxonomy":"post_tag","embeddable":true,"href":"https:\/\/www.tjspartakvaltirov.cz\/index.php?rest_route=%2Fwp%2Fv2%2Ftags&post=2731"}],"curies":[{"name":"wp","href":"https:\/\/api.w.org\/{rel}","templated":true}]}}