{"id":2753,"date":"2024-12-13T23:53:38","date_gmt":"2024-12-13T21:53:38","guid":{"rendered":"https:\/\/www.tjspartakvaltirov.cz\/?p=2753"},"modified":"2024-12-14T00:09:08","modified_gmt":"2024-12-13T22:09:08","slug":"tj-spartak-valtirov-v-zimni-lize-2025-%e2%9a%bd%ef%b8%8f%e2%9d%84%ef%b8%8f","status":"publish","type":"post","link":"https:\/\/www.tjspartakvaltirov.cz\/?p=2753","title":{"rendered":"TJ Spartak Valt\u00ed\u0159ov v Zimn\u00ed lize 2025! \u26bd\ufe0f\u2744\ufe0f"},"content":{"rendered":"\n<p>S radost\u00ed oznamujeme, \u017ee n\u00e1\u0161 t\u00fdm se zapoj\u00ed do Zimn\u00ed ligy 2025, kterou po\u0159\u00e1d\u00e1 FK \u010cL Ne\u0161t\u011bmice. \ud83d\udcaa<\/p>\n\n\n\n<p>V\u0161echny z\u00e1pasy se budou hr\u00e1t na um\u011bl\u00e9 tr\u00e1v\u011b v Ne\u0161t\u011bmic\u00edch, a \u010dekaj\u00ed n\u00e1s zaj\u00edmav\u00e9 z\u00e1pasy proti kvalitn\u00edm t\u00fdm\u016fm. Poj\u010fme se pod\u00edvat, s k\u00fdm se utk\u00e1me a co o t\u011bchto t\u00fdmech v\u00edme.<\/p>\n\n\n\n<p>\ud83d\uddd3 <strong>Rozpis z\u00e1pas\u016f Zimn\u00ed ligy 2025:<\/strong><br>1\ufe0f\u20e3 <strong>Sobota 11.1.2025 \u2013 1. kolo<\/strong><br>\ud83d\udd58 <strong>09:00<\/strong> \u2013 FK \u010cL Ne\u0161t\u011bmice \u201eB\u201c \ud83c\udd9a TJ Spartak Valt\u00ed\u0159ov<\/p>\n\n\n\n<ul class=\"wp-block-list\">\n<li><strong>Sout\u011b\u017e<\/strong>: 1. B t\u0159\u00edda<\/li>\n\n\n\n<li><strong>Aktu\u00e1ln\u00ed um\u00edst\u011bn\u00ed<\/strong>: FK \u010cL Ne\u0161t\u011bmice B se pohybuje ve st\u0159edu tabulky.<\/li>\n\n\n\n<li><strong>Kl\u00ed\u010dov\u00ed hr\u00e1\u010di<\/strong>: Zku\u0161en\u00e9 posily z hlavn\u00edho t\u00fdmu, kter\u00e9 dopl\u0148uj\u00ed mlad\u00ed hr\u00e1\u010di.<\/li>\n<\/ul>\n\n\n\n<p>2\ufe0f\u20e3 <strong>Sobota 18.1.2025 \u2013 2. kolo<\/strong><br>\ud83d\udd50 <strong>13:00<\/strong> \u2013 TJ Spartak Valt\u00ed\u0159ov \ud83c\udd9a FK Vchynice<\/p>\n\n\n\n<ul class=\"wp-block-list\">\n<li><strong>Sout\u011b\u017e<\/strong>: III. t\u0159\u00edda<\/li>\n\n\n\n<li><strong>Aktu\u00e1ln\u00ed um\u00edst\u011bn\u00ed<\/strong>: FK Vchynice se nach\u00e1z\u00ed v doln\u00ed \u010d\u00e1sti tabulky.<\/li>\n\n\n\n<li><strong>Kl\u00ed\u010dov\u00ed hr\u00e1\u010di<\/strong>: Zku\u0161en\u00fd t\u00fdm s hr\u00e1\u010di jako Marek \u0160ilhan, kte\u0159\u00ed pom\u00e1haj\u00ed dr\u017eet stabilitu.<\/li>\n<\/ul>\n\n\n\n<p>3\ufe0f\u20e3 <strong>Sobota 25.1.2025 \u2013 3. kolo<\/strong><br>\ud83d\udd52 <strong>15:00<\/strong> \u2013 TJ Spartak Valt\u00ed\u0159ov \ud83c\udd9a TJ Sokol Prackovice<\/p>\n\n\n\n<ul class=\"wp-block-list\">\n<li><strong>Sout\u011b\u017e<\/strong>: IV. t\u0159\u00edda<\/li>\n\n\n\n<li><strong>Aktu\u00e1ln\u00ed um\u00edst\u011bn\u00ed<\/strong>: T\u00fdm je ve spodn\u00ed \u010d\u00e1sti tabulky, ale bojuje o zlep\u0161en\u00ed.<\/li>\n\n\n\n<li><strong>Kl\u00ed\u010dov\u00ed hr\u00e1\u010di<\/strong>: Lok\u00e1ln\u00ed talenti s velk\u00fdm potenci\u00e1lem.<\/li>\n<\/ul>\n\n\n\n<p>4\ufe0f\u20e3 <strong>Sobota 1.2.2025 \u2013 4. kolo<\/strong><br>\ud83d\udd50 <strong>13:00<\/strong> \u2013 TJ Spartak Valt\u00ed\u0159ov \ud83c\udd9a FK Libochovice<\/p>\n\n\n\n<ul class=\"wp-block-list\">\n<li><strong>Sout\u011b\u017e<\/strong>: III. t\u0159\u00edda<\/li>\n\n\n\n<li><strong>Aktu\u00e1ln\u00ed um\u00edst\u011bn\u00ed<\/strong>: FK Libochovice se dr\u017e\u00ed ve st\u0159edn\u00ed \u010d\u00e1sti tabulky.<\/li>\n\n\n\n<li><strong>Kl\u00ed\u010dov\u00ed hr\u00e1\u010di<\/strong>: Zku\u0161en\u00fd t\u00fdm s touhou dostat se v\u00fd\u0161e.<\/li>\n<\/ul>\n\n\n\n<p>5\ufe0f\u20e3 <strong>Sobota 8.2.2025 \u2013 5. kolo<\/strong><br>\ud83d\udd52 <strong>15:00<\/strong> \u2013 TJ Spartak Valt\u00ed\u0159ov \ud83c\udd9a FK Hostomice<\/p>\n\n\n\n<ul class=\"wp-block-list\">\n<li><strong>Sout\u011b\u017e<\/strong>: IV. t\u0159\u00edda<\/li>\n\n\n\n<li><strong>Aktu\u00e1ln\u00ed um\u00edst\u011bn\u00ed<\/strong>: FK Hostomice je v doln\u00ed \u010d\u00e1sti tabulky.<\/li>\n\n\n\n<li><strong>Kl\u00ed\u010dov\u00ed hr\u00e1\u010di<\/strong>: Mlad\u00ed hr\u00e1\u010di a n\u011bkter\u00e9 zku\u0161en\u00e9 posily.<\/li>\n<\/ul>\n\n\n\n<p>6\ufe0f\u20e3 <strong>Sobota 15.2.2025 \u2013 6. kolo<\/strong><br>\ud83d\udd58 <strong>09:00<\/strong> \u2013 <strong>DERBY<\/strong> FK Jiskra Velk\u00e9 B\u0159ezno \ud83c\udd9a TJ Spartak Valt\u00ed\u0159ov<\/p>\n\n\n\n<ul class=\"wp-block-list\">\n<li><strong>Sout\u011b\u017e<\/strong>: 1. B t\u0159\u00edda<\/li>\n\n\n\n<li><strong>Aktu\u00e1ln\u00ed um\u00edst\u011bn\u00ed<\/strong>: Velk\u00e9 B\u0159ezno je ve st\u0159edn\u00ed \u010d\u00e1sti tabulky, ale tento z\u00e1pas bude m\u00edt zvl\u00e1\u0161tn\u00ed n\u00e1boj, proto\u017ee jde o derby mezi t\u00fdmy ze stejn\u00e9 vesnice!<\/li>\n\n\n\n<li><strong>Kl\u00ed\u010dov\u00ed hr\u00e1\u010di<\/strong>: Solidn\u00ed t\u00fdm, kter\u00fd se soust\u0159ed\u00ed na zlep\u0161en\u00ed a m\u00e1 ambice pro vy\u0161\u0161\u00ed pozice.<\/li>\n<\/ul>\n\n\n\n<p>7\ufe0f\u20e3 <strong>Sobota 22.2.2025 \u2013 7. kolo<\/strong><br>\ud83d\udd5a <strong>11:00<\/strong> \u2013 FK Mal\u0161ovice \ud83c\udd9a TJ Spartak Valt\u00ed\u0159ov<\/p>\n\n\n\n<ul class=\"wp-block-list\">\n<li><strong>Sout\u011b\u017e<\/strong>: III. t\u0159\u00edda<\/li>\n\n\n\n<li><strong>Aktu\u00e1ln\u00ed um\u00edst\u011bn\u00ed<\/strong>: FK Mal\u0161ovice jsou ve st\u0159edn\u00ed \u010d\u00e1sti tabulky.<\/li>\n\n\n\n<li><strong>Kl\u00ed\u010dov\u00ed hr\u00e1\u010di<\/strong>: Ambici\u00f3zn\u00ed t\u00fdm, kter\u00fd se sna\u017e\u00ed zlep\u0161it sv\u00e9 postaven\u00ed.<\/li>\n<\/ul>\n\n\n\n<p>P\u0159ij\u010fte n\u00e1s podpo\u0159it v ka\u017ed\u00e9m utk\u00e1n\u00ed! \ud83d\udc9a\ud83e\udd0d V\u0161echny z\u00e1pasy se hraj\u00ed na um\u011bl\u00e9 tr\u00e1v\u011b v Ne\u0161t\u011bmic\u00edch, tak n\u00e1s nezapome\u0148te nav\u0161t\u00edvit!<\/p>\n\n\n\n<p>Sledujte i n\u00e1\u0161 Facebook, Twitter \u010di Instagram pro aktu\u00e1ln\u00ed informace a v\u00fdsledky! \ud83d\udd25<\/p>\n\n\n\n<p>#TJSpartakValt\u00ed\u0159ov #Zimn\u00edLiga2025 #Valt\u00ed\u0159ovDoToho #Fotbal<\/p>\n\n\n\n<figure class=\"wp-block-image size-large\"><img loading=\"lazy\" decoding=\"async\" width=\"1024\" height=\"1024\" src=\"https:\/\/www.tjspartakvaltirov.cz\/wp-content\/uploads\/2024\/12\/zimni_liga_2025-1024x1024.png\" alt=\"\" class=\"wp-image-2754\" srcset=\"https:\/\/www.tjspartakvaltirov.cz\/wp-content\/uploads\/2024\/12\/zimni_liga_2025-1024x1024.png 1024w, https:\/\/www.tjspartakvaltirov.cz\/wp-content\/uploads\/2024\/12\/zimni_liga_2025-300x300.png 300w, https:\/\/www.tjspartakvaltirov.cz\/wp-content\/uploads\/2024\/12\/zimni_liga_2025-150x150.png 150w, https:\/\/www.tjspartakvaltirov.cz\/wp-content\/uploads\/2024\/12\/zimni_liga_2025-768x768.png 768w, https:\/\/www.tjspartakvaltirov.cz\/wp-content\/uploads\/2024\/12\/zimni_liga_2025-128x128.png 128w, https:\/\/www.tjspartakvaltirov.cz\/wp-content\/uploads\/2024\/12\/zimni_liga_2025-32x32.png 32w, https:\/\/www.tjspartakvaltirov.cz\/wp-content\/uploads\/2024\/12\/zimni_liga_2025-600x600.png 600w, https:\/\/www.tjspartakvaltirov.cz\/wp-content\/uploads\/2024\/12\/zimni_liga_2025-100x100.png 100w, https:\/\/www.tjspartakvaltirov.cz\/wp-content\/uploads\/2024\/12\/zimni_liga_2025.png 1080w\" sizes=\"auto, (max-width: 1024px) 100vw, 1024px\" \/><\/figure>\n","protected":false},"excerpt":{"rendered":"<p>S radost\u00ed oznamujeme, \u017ee n\u00e1\u0161 t\u00fdm se zapoj\u00ed do Zimn\u00ed ligy 2025, kterou po\u0159\u00e1d\u00e1 FK \u010cL Ne\u0161t\u011bmice. \ud83d\udcaa V\u0161echny z\u00e1pasy se budou hr\u00e1t na um\u011bl\u00e9 tr\u00e1v\u011b v Ne\u0161t\u011bmic\u00edch, a \u010dekaj\u00ed n\u00e1s zaj\u00edmav\u00e9 z\u00e1pasy proti kvalitn\u00edm t\u00fdm\u016fm. Poj\u010fme se pod\u00edvat, s k\u00fdm se utk\u00e1me a co o t\u011bchto t\u00fdmech v\u00edme. \ud83d\uddd3 Rozpis z\u00e1pas\u016f Zimn\u00ed ligy 2025:1\ufe0f\u20e3 [&hellip;]<\/p>\n","protected":false},"author":1,"featured_media":2754,"comment_status":"closed","ping_status":"open","sticky":false,"template":"","format":"standard","meta":{"footnotes":""},"categories":[37],"tags":[],"class_list":["post-2753","post","type-post","status-publish","format-standard","has-post-thumbnail","hentry","category-news"],"_links":{"self":[{"href":"https:\/\/www.tjspartakvaltirov.cz\/index.php?rest_route=\/wp\/v2\/posts\/2753","targetHints":{"allow":["GET"]}}],"collection":[{"href":"https:\/\/www.tjspartakvaltirov.cz\/index.php?rest_route=\/wp\/v2\/posts"}],"about":[{"href":"https:\/\/www.tjspartakvaltirov.cz\/index.php?rest_route=\/wp\/v2\/types\/post"}],"author":[{"embeddable":true,"href":"https:\/\/www.tjspartakvaltirov.cz\/index.php?rest_route=\/wp\/v2\/users\/1"}],"replies":[{"embeddable":true,"href":"https:\/\/www.tjspartakvaltirov.cz\/index.php?rest_route=%2Fwp%2Fv2%2Fcomments&post=2753"}],"version-history":[{"count":5,"href":"https:\/\/www.tjspartakvaltirov.cz\/index.php?rest_route=\/wp\/v2\/posts\/2753\/revisions"}],"predecessor-version":[{"id":2759,"href":"https:\/\/www.tjspartakvaltirov.cz\/index.php?rest_route=\/wp\/v2\/posts\/2753\/revisions\/2759"}],"wp:featuredmedia":[{"embeddable":true,"href":"https:\/\/www.tjspartakvaltirov.cz\/index.php?rest_route=\/wp\/v2\/media\/2754"}],"wp:attachment":[{"href":"https:\/\/www.tjspartakvaltirov.cz\/index.php?rest_route=%2Fwp%2Fv2%2Fmedia&parent=2753"}],"wp:term":[{"taxonomy":"category","embeddable":true,"href":"https:\/\/www.tjspartakvaltirov.cz\/index.php?rest_route=%2Fwp%2Fv2%2Fcategories&post=2753"},{"taxonomy":"post_tag","embeddable":true,"href":"https:\/\/www.tjspartakvaltirov.cz\/index.php?rest_route=%2Fwp%2Fv2%2Ftags&post=2753"}],"curies":[{"name":"wp","href":"https:\/\/api.w.org\/{rel}","templated":true}]}}