{"id":2768,"date":"2025-01-14T11:57:37","date_gmt":"2025-01-14T09:57:37","guid":{"rendered":"https:\/\/www.tjspartakvaltirov.cz\/?p=2768"},"modified":"2025-01-14T13:25:31","modified_gmt":"2025-01-14T11:25:31","slug":"tezka-prohra-ale-bojovny-vykon-spartak-v-nestemicich-podlehl-60","status":"publish","type":"post","link":"https:\/\/www.tjspartakvaltirov.cz\/?p=2768","title":{"rendered":"T\u011b\u017ek\u00e1 prohra, ale bojovn\u00fd v\u00fdkon: Spartak v Ne\u0161t\u011bmic\u00edch podlehl 6:0"},"content":{"rendered":"\n<p>V sobotu 11. ledna 2025 se t\u00fdm TJ Spartak Valt\u00ed\u0159ov postavil na dom\u00e1c\u00ed p\u016fd\u011b FK \u010cL Ne\u0161t\u011bmice &#8222;B&#8220; v t\u011b\u017ek\u00e9m z\u00e1pase, kter\u00fd skon\u010dil v\u00fdsledkem 6:0 pro dom\u00e1c\u00ed. I p\u0159esto, \u017ee v\u00fdsledek neodpov\u00edd\u00e1 celkov\u00e9mu v\u00fdkonu, na\u0161i hr\u00e1\u010di zaslou\u017e\u00ed velkou pochvalu za nasazen\u00ed a bojovnost.<\/p>\n\n\n\n<p>Prvn\u00edch dvacet minut z\u00e1pasu prob\u00edhalo ve vyrovnan\u00e9m duchu, kdy na\u0161i fotbalist\u00e9 odol\u00e1vali tlaku soupe\u0159e. Dom\u00e1c\u00ed t\u00fdm, slo\u017een\u00fd z mlad\u00fdch hr\u00e1\u010d\u016f a hraj\u00edc\u00ed o dv\u011b sout\u011b\u017ee v\u00fd\u0161e, se v\u0161ak postupn\u011b dostal do tempa a prvn\u00ed branku vst\u0159elil v 20. minut\u011b. Do polo\u010dasu p\u0159idali Ne\u0161t\u011bmice dal\u0161\u00ed t\u0159i g\u00f3ly, \u010d\u00edm\u017e se \u0161lo do kabin za stavu 4:0.<\/p>\n\n\n\n<p>Ve druh\u00e9m polo\u010dase dom\u00e1c\u00ed pokra\u010dovali v dominanci a zv\u00fd\u0161ili sk\u00f3re na kone\u010dn\u00fdch 6:0. I kdy\u017e na\u0161i hr\u00e1\u010di bojovali a\u017e do posledn\u00ed minuty, kvalitn\u00ed hra soupe\u0159e byla p\u0159\u00edli\u0161 siln\u00e1.<\/p>\n\n\n\n<p>Tento z\u00e1pas je pro n\u00e1\u0161 t\u00fdm cennou lekc\u00ed. I p\u0159es t\u011b\u017ekou prohru si na\u0161i hr\u00e1\u010di zaslou\u017e\u00ed pochvalu za nasazen\u00ed, kter\u00e9 p\u0159ineslo bojovn\u00fd v\u00fdkon a\u017e do konce. Do dal\u0161\u00edch z\u00e1pas\u016f se vyd\u00e1me siln\u011bj\u0161\u00ed a odhodlan\u011bj\u0161\u00ed. \ud83d\udcaa<\/p>\n","protected":false},"excerpt":{"rendered":"<p>V sobotu 11. ledna 2025 se t\u00fdm TJ Spartak Valt\u00ed\u0159ov postavil na dom\u00e1c\u00ed p\u016fd\u011b FK \u010cL Ne\u0161t\u011bmice &#8222;B&#8220; v t\u011b\u017ek\u00e9m z\u00e1pase, kter\u00fd skon\u010dil v\u00fdsledkem 6:0 pro dom\u00e1c\u00ed. I p\u0159esto, \u017ee v\u00fdsledek neodpov\u00edd\u00e1 celkov\u00e9mu v\u00fdkonu, na\u0161i hr\u00e1\u010di zaslou\u017e\u00ed velkou pochvalu za nasazen\u00ed a bojovnost. Prvn\u00edch dvacet minut z\u00e1pasu prob\u00edhalo ve vyrovnan\u00e9m duchu, kdy na\u0161i fotbalist\u00e9 odol\u00e1vali [&hellip;]<\/p>\n","protected":false},"author":1,"featured_media":2769,"comment_status":"closed","ping_status":"open","sticky":false,"template":"","format":"standard","meta":{"footnotes":""},"categories":[79,37],"tags":[],"class_list":["post-2768","post","type-post","status-publish","format-standard","has-post-thumbnail","hentry","category-match","category-news"],"_links":{"self":[{"href":"https:\/\/www.tjspartakvaltirov.cz\/index.php?rest_route=\/wp\/v2\/posts\/2768","targetHints":{"allow":["GET"]}}],"collection":[{"href":"https:\/\/www.tjspartakvaltirov.cz\/index.php?rest_route=\/wp\/v2\/posts"}],"about":[{"href":"https:\/\/www.tjspartakvaltirov.cz\/index.php?rest_route=\/wp\/v2\/types\/post"}],"author":[{"embeddable":true,"href":"https:\/\/www.tjspartakvaltirov.cz\/index.php?rest_route=\/wp\/v2\/users\/1"}],"replies":[{"embeddable":true,"href":"https:\/\/www.tjspartakvaltirov.cz\/index.php?rest_route=%2Fwp%2Fv2%2Fcomments&post=2768"}],"version-history":[{"count":1,"href":"https:\/\/www.tjspartakvaltirov.cz\/index.php?rest_route=\/wp\/v2\/posts\/2768\/revisions"}],"predecessor-version":[{"id":2770,"href":"https:\/\/www.tjspartakvaltirov.cz\/index.php?rest_route=\/wp\/v2\/posts\/2768\/revisions\/2770"}],"wp:featuredmedia":[{"embeddable":true,"href":"https:\/\/www.tjspartakvaltirov.cz\/index.php?rest_route=\/wp\/v2\/media\/2769"}],"wp:attachment":[{"href":"https:\/\/www.tjspartakvaltirov.cz\/index.php?rest_route=%2Fwp%2Fv2%2Fmedia&parent=2768"}],"wp:term":[{"taxonomy":"category","embeddable":true,"href":"https:\/\/www.tjspartakvaltirov.cz\/index.php?rest_route=%2Fwp%2Fv2%2Fcategories&post=2768"},{"taxonomy":"post_tag","embeddable":true,"href":"https:\/\/www.tjspartakvaltirov.cz\/index.php?rest_route=%2Fwp%2Fv2%2Ftags&post=2768"}],"curies":[{"name":"wp","href":"https:\/\/api.w.org\/{rel}","templated":true}]}}