{"id":2776,"date":"2025-01-18T17:23:19","date_gmt":"2025-01-18T15:23:19","guid":{"rendered":"https:\/\/www.tjspartakvaltirov.cz\/?p=2776"},"modified":"2025-01-22T20:34:13","modified_gmt":"2025-01-22T18:34:13","slug":"tj-spartak-valtirov-si-pripisuje-prvni-vitezstvi-v-zimni-lize","status":"publish","type":"post","link":"https:\/\/www.tjspartakvaltirov.cz\/?p=2776","title":{"rendered":"P\u0159ipisujeme si prvn\u00ed v\u00edt\u011bzstv\u00ed v Zimn\u00ed lize!"},"content":{"rendered":"\n<p>V druh\u00e9m kole Zimn\u00ed ligy jsme na UMT Ne\u0161t\u011bmice p\u0159iv\u00edtali t\u00fdm FK Vchynice a po dramatick\u00e9m pr\u016fb\u011bhu si p\u0159ipsali zaslou\u017een\u00e9 v\u00edt\u011bzstv\u00ed 3:2.<\/p>\n\n\n\n<p><strong>Prvn\u00ed polo\u010das byl v na\u0161\u00ed re\u017eii.<\/strong> Od \u00favodn\u00edho hvizdu jsme kontrolovali hru a zaslou\u017een\u011b jsme si vytvo\u0159ili t\u0159\u00edbrankov\u00fd n\u00e1skok. Sk\u00f3re otev\u0159el v 26. minut\u011b <strong>Weigert<\/strong>, kter\u00fd kr\u00e1sn\u011b zakon\u010dil akci t\u00fdmu. Pot\u00e9 p\u0159i\u0161ly dv\u011b trefy <strong>Proch\u00e1zky<\/strong> \u2013 nejprve v 31. minut\u011b po rychl\u00e9m proti\u00fatoku a n\u00e1sledn\u011b ve 37. minut\u011b, kdy chladnokrevn\u011b prom\u011bnil dal\u0161\u00ed \u0161anci.<\/p>\n\n\n\n<p><strong>Druh\u00fd polo\u010das ale p\u0159inesl komplikace.<\/strong> Nevyu\u017eili jsme n\u011bkolik p\u0159\u00edle\u017eitost\u00ed k nav\u00fd\u0161en\u00ed sk\u00f3re, a naopak jsme soupe\u0159i umo\u017enili sn\u00ed\u017eit d\u00edky na\u0161im hrub\u00fdm chyb\u00e1m. FK Vchynice se dostal na dost\u0159el jedin\u00e9 branky, co\u017e p\u0159ineslo nerv\u00f3zn\u00ed z\u00e1v\u011br z\u00e1pasu. Na\u0161t\u011bst\u00ed se t\u00fdm dok\u00e1zal semknout a ubr\u00e1nit t\u011bsn\u00fd n\u00e1skok a\u017e do z\u00e1v\u011bre\u010dn\u00e9ho hvizdu.<\/p>\n\n\n\n<p>I p\u0159es n\u011bkter\u00e9 nedostatky byl tento z\u00e1pas d\u016fle\u017eitou lekc\u00ed a uk\u00e1zal, \u017ee t\u00fdm m\u00e1 potenci\u00e1l i kvalitu. <strong>Cel\u00fd t\u00fdm zaslou\u017e\u00ed pochvalu za nasazen\u00ed a bojovnost.<\/strong> Je v\u0161ak t\u0159eba d\u00e1le pracovat na zlep\u0161en\u00ed, abychom v dal\u0161\u00edch z\u00e1pasech pod\u00e1vali je\u0161t\u011b lep\u0161\u00ed v\u00fdkony.<\/p>\n\n\n\n<p><strong>Dal\u0161\u00ed z\u00e1pas n\u00e1s \u010dek\u00e1 p\u0159\u00ed\u0161t\u00ed t\u00fdden.<\/strong> Sledujte na\u0161e str\u00e1nky a p\u0159ij\u010fte n\u00e1s podpo\u0159it! \ud83d\udcaa\u26bd<\/p>\n\n\n\n<p>#TJSpartakValti\u0159ov #fotbal #Zimn\u00edLiga #vitezime<\/p>\n","protected":false},"excerpt":{"rendered":"<p>V druh\u00e9m kole Zimn\u00ed ligy jsme na UMT Ne\u0161t\u011bmice p\u0159iv\u00edtali t\u00fdm FK Vchynice a po dramatick\u00e9m pr\u016fb\u011bhu si p\u0159ipsali zaslou\u017een\u00e9 v\u00edt\u011bzstv\u00ed 3:2. Prvn\u00ed polo\u010das byl v na\u0161\u00ed re\u017eii. Od \u00favodn\u00edho hvizdu jsme kontrolovali hru a zaslou\u017een\u011b jsme si vytvo\u0159ili t\u0159\u00edbrankov\u00fd n\u00e1skok. Sk\u00f3re otev\u0159el v 26. minut\u011b Weigert, kter\u00fd kr\u00e1sn\u011b zakon\u010dil akci t\u00fdmu. Pot\u00e9 p\u0159i\u0161ly dv\u011b [&hellip;]<\/p>\n","protected":false},"author":1,"featured_media":2782,"comment_status":"closed","ping_status":"open","sticky":false,"template":"","format":"standard","meta":{"footnotes":""},"categories":[79,37],"tags":[],"class_list":["post-2776","post","type-post","status-publish","format-standard","has-post-thumbnail","hentry","category-match","category-news"],"_links":{"self":[{"href":"https:\/\/www.tjspartakvaltirov.cz\/index.php?rest_route=\/wp\/v2\/posts\/2776","targetHints":{"allow":["GET"]}}],"collection":[{"href":"https:\/\/www.tjspartakvaltirov.cz\/index.php?rest_route=\/wp\/v2\/posts"}],"about":[{"href":"https:\/\/www.tjspartakvaltirov.cz\/index.php?rest_route=\/wp\/v2\/types\/post"}],"author":[{"embeddable":true,"href":"https:\/\/www.tjspartakvaltirov.cz\/index.php?rest_route=\/wp\/v2\/users\/1"}],"replies":[{"embeddable":true,"href":"https:\/\/www.tjspartakvaltirov.cz\/index.php?rest_route=%2Fwp%2Fv2%2Fcomments&post=2776"}],"version-history":[{"count":4,"href":"https:\/\/www.tjspartakvaltirov.cz\/index.php?rest_route=\/wp\/v2\/posts\/2776\/revisions"}],"predecessor-version":[{"id":2780,"href":"https:\/\/www.tjspartakvaltirov.cz\/index.php?rest_route=\/wp\/v2\/posts\/2776\/revisions\/2780"}],"wp:featuredmedia":[{"embeddable":true,"href":"https:\/\/www.tjspartakvaltirov.cz\/index.php?rest_route=\/wp\/v2\/media\/2782"}],"wp:attachment":[{"href":"https:\/\/www.tjspartakvaltirov.cz\/index.php?rest_route=%2Fwp%2Fv2%2Fmedia&parent=2776"}],"wp:term":[{"taxonomy":"category","embeddable":true,"href":"https:\/\/www.tjspartakvaltirov.cz\/index.php?rest_route=%2Fwp%2Fv2%2Fcategories&post=2776"},{"taxonomy":"post_tag","embeddable":true,"href":"https:\/\/www.tjspartakvaltirov.cz\/index.php?rest_route=%2Fwp%2Fv2%2Ftags&post=2776"}],"curies":[{"name":"wp","href":"https:\/\/api.w.org\/{rel}","templated":true}]}}