{"id":2786,"date":"2025-01-26T13:10:59","date_gmt":"2025-01-26T11:10:59","guid":{"rendered":"https:\/\/www.tjspartakvaltirov.cz\/?p=2786"},"modified":"2025-02-04T11:37:37","modified_gmt":"2025-02-04T09:37:37","slug":"zaslouzena-vyhra-spartaku-v-3-kole-zimni-ligy","status":"publish","type":"post","link":"https:\/\/www.tjspartakvaltirov.cz\/?p=2786","title":{"rendered":"Zaslou\u017een\u00e1 v\u00fdhra Spartaku v 3. kole Zimn\u00ed ligy!"},"content":{"rendered":"\n<p><strong>TJ Spartak Valt\u00ed\u0159ov vs. TJ Sokol Prackovice 2:1<\/strong><br><strong>(polo\u010das 1:1)<\/strong><\/p>\n\n\n\n<p>V dne\u0161n\u00edm utk\u00e1n\u00ed 3. kola Zimn\u00ed ligy jsme potvrdili roli favorita a zv\u00edt\u011bzili jsme nad TJ Sokol Prackovice pom\u011brem 2:1. Z\u00e1pas se odehr\u00e1l na UMT v Ne\u0161t\u011bmic\u00edch za solidn\u00ed podpory na\u0161ich fanou\u0161k\u016f.<\/p>\n\n\n\n<h3 class=\"wp-block-heading\">Pr\u016fb\u011bh z\u00e1pasu:<\/h3>\n\n\n\n<p>Host\u00e9 se dostali do veden\u00ed ve 20. minut\u011b, kdy jsme ned\u016frazn\u011b br\u00e1nili rohov\u00fd kop, a soupe\u0159 toho dokonale vyu\u017eil. Na\u0161e odpov\u011b\u010f ale p\u0159i\u0161la brzy. Ve 30. minut\u011b vyrovnal hlavou <strong>Weigert<\/strong>, kter\u00fd se prosadil po skv\u011bl\u00e9m centru z prav\u00e9 strany. Do kabin se tak \u0161lo za stavu 1:1.<\/p>\n\n\n\n<p>Ve druh\u00e9m polo\u010dase jsme si postupn\u011b vytvo\u0159ili tlak a v 60. minut\u011b n\u00e1m vyst\u0159elil veden\u00ed <strong>Chekhmir<\/strong>, kter\u00fd par\u00e1dn\u00ed st\u0159elou z cca 20 metr\u016f trefil prav\u00fd horn\u00ed roh branky \u2013 naprosto nechytateln\u00e9!<\/p>\n\n\n\n<p>Soupe\u0159 byl m\u00edsty nep\u0159\u00edjemn\u00fd a sna\u017eil se o vyrovn\u00e1n\u00ed. V prvn\u00ed p\u016flce nav\u00edc trefili b\u0159evno, zat\u00edmco ve druh\u00e9 \u010d\u00e1sti jsme my oraz\u00edtkovali ty\u010d. V posledn\u00ed minut\u011b jsme mohli je\u0161t\u011b zpe\u010detit v\u00edt\u011bzstv\u00ed z pokutov\u00e9ho kopu, ale ten jsme bohu\u017eel neprom\u011bnili.<\/p>\n\n\n\n<p>P\u0159esto jsme dok\u00e1zali potvrdit na\u0161i kvalitu a zaslou\u017een\u011b si odnesli t\u0159i body.<\/p>\n\n\n\n<h3 class=\"wp-block-heading\">St\u0159elci branek:<\/h3>\n\n\n\n<ul class=\"wp-block-list\">\n<li><strong>20\u2019<\/strong> TJ Sokol Prackovice \u2013 g\u00f3l po rohov\u00e9m kopu<\/li>\n\n\n\n<li><strong>30\u2019<\/strong> Weigert (hlavou)<\/li>\n\n\n\n<li><strong>60\u2019<\/strong> Chekhmir (st\u0159ela z 20 m do prav\u00e9ho horn\u00edho rohu)<\/li>\n<\/ul>\n\n\n\n<h3 class=\"wp-block-heading\">Kl\u00ed\u010dov\u00e9 momenty z\u00e1pasu:<\/h3>\n\n\n\n<ul class=\"wp-block-list\">\n<li>Host\u00e9 trefili b\u0159evno v prvn\u00ed p\u016flce.<\/li>\n\n\n\n<li>My jsme ve druh\u00e9 p\u016flce oraz\u00edtkovali ty\u010d.<\/li>\n\n\n\n<li>V posledn\u00ed minut\u011b jsme neprom\u011bnili penaltu.<\/li>\n<\/ul>\n\n\n\n<h3 class=\"wp-block-heading\">Hodnocen\u00ed:<\/h3>\n\n\n\n<p>Soupe\u0159 se uk\u00e1zal jako hou\u017eevnat\u00fd a m\u00edsty nep\u0159\u00edjemn\u00fd, ale na\u0161e t\u00fdmov\u00e1 s\u00edla a kvalita rozhodly. Na z\u00e1pas z minul\u00e9ho kola jsme nav\u00e1zali dobr\u00fdm v\u00fdkonem a potvrzujeme na\u0161i formu. D\u011bkujeme fanou\u0161k\u016fm za podporu!<\/p>\n\n\n\n<p><strong>#SpartakValt\u00ed\u0159ov #Zimn\u00edLiga #Valt\u00ed\u0159ovDoToho<\/strong><\/p>\n","protected":false},"excerpt":{"rendered":"<p>TJ Spartak Valt\u00ed\u0159ov vs. TJ Sokol Prackovice 2:1(polo\u010das 1:1) V dne\u0161n\u00edm utk\u00e1n\u00ed 3. kola Zimn\u00ed ligy jsme potvrdili roli favorita a zv\u00edt\u011bzili jsme nad TJ Sokol Prackovice pom\u011brem 2:1. Z\u00e1pas se odehr\u00e1l na UMT v Ne\u0161t\u011bmic\u00edch za solidn\u00ed podpory na\u0161ich fanou\u0161k\u016f. Pr\u016fb\u011bh z\u00e1pasu: Host\u00e9 se dostali do veden\u00ed ve 20. minut\u011b, kdy jsme ned\u016frazn\u011b br\u00e1nili [&hellip;]<\/p>\n","protected":false},"author":1,"featured_media":2791,"comment_status":"closed","ping_status":"open","sticky":false,"template":"","format":"standard","meta":{"footnotes":""},"categories":[79,37],"tags":[],"class_list":["post-2786","post","type-post","status-publish","format-standard","has-post-thumbnail","hentry","category-match","category-news"],"_links":{"self":[{"href":"https:\/\/www.tjspartakvaltirov.cz\/index.php?rest_route=\/wp\/v2\/posts\/2786","targetHints":{"allow":["GET"]}}],"collection":[{"href":"https:\/\/www.tjspartakvaltirov.cz\/index.php?rest_route=\/wp\/v2\/posts"}],"about":[{"href":"https:\/\/www.tjspartakvaltirov.cz\/index.php?rest_route=\/wp\/v2\/types\/post"}],"author":[{"embeddable":true,"href":"https:\/\/www.tjspartakvaltirov.cz\/index.php?rest_route=\/wp\/v2\/users\/1"}],"replies":[{"embeddable":true,"href":"https:\/\/www.tjspartakvaltirov.cz\/index.php?rest_route=%2Fwp%2Fv2%2Fcomments&post=2786"}],"version-history":[{"count":1,"href":"https:\/\/www.tjspartakvaltirov.cz\/index.php?rest_route=\/wp\/v2\/posts\/2786\/revisions"}],"predecessor-version":[{"id":2787,"href":"https:\/\/www.tjspartakvaltirov.cz\/index.php?rest_route=\/wp\/v2\/posts\/2786\/revisions\/2787"}],"wp:featuredmedia":[{"embeddable":true,"href":"https:\/\/www.tjspartakvaltirov.cz\/index.php?rest_route=\/wp\/v2\/media\/2791"}],"wp:attachment":[{"href":"https:\/\/www.tjspartakvaltirov.cz\/index.php?rest_route=%2Fwp%2Fv2%2Fmedia&parent=2786"}],"wp:term":[{"taxonomy":"category","embeddable":true,"href":"https:\/\/www.tjspartakvaltirov.cz\/index.php?rest_route=%2Fwp%2Fv2%2Fcategories&post=2786"},{"taxonomy":"post_tag","embeddable":true,"href":"https:\/\/www.tjspartakvaltirov.cz\/index.php?rest_route=%2Fwp%2Fv2%2Ftags&post=2786"}],"curies":[{"name":"wp","href":"https:\/\/api.w.org\/{rel}","templated":true}]}}