{"id":2834,"date":"2025-05-06T11:41:16","date_gmt":"2025-05-06T10:41:16","guid":{"rendered":"https:\/\/www.tjspartakvaltirov.cz\/?p=2834"},"modified":"2025-05-06T11:41:16","modified_gmt":"2025-05-06T10:41:16","slug":"tj-spartak-valtirov-vs-tj-svadov-b-vyhra-42-v-dramatickem-utkani","status":"publish","type":"post","link":"https:\/\/www.tjspartakvaltirov.cz\/?p=2834","title":{"rendered":"TJ Spartak Valt\u00ed\u0159ov vs. TJ Sv\u00e1dov B \u2013 V\u00fdhra 4:2 v dramatick\u00e9m utk\u00e1n\u00ed!"},"content":{"rendered":"<p>V sobotu 3. kv\u011btna 2025 se na\u0161e mu\u017estvo postavilo proti TJ Sv\u00e1dov B na dom\u00e1c\u00ed p\u016fd\u011b v Are\u00e1lu P\u00edskovna. Z\u00e1pas byl od za\u010d\u00e1tku velmi vyrovnan\u00fd a pln\u00fd dramatick\u00fdch okam\u017eik\u016f, ale nakonec jsme se radovali z v\u00edt\u011bzstv\u00ed 4:2.<\/p>\n<p><strong>V\u00fdborn\u00fd za\u010d\u00e1tek, ale bez g\u00f3lov\u00e9ho efektu<\/strong><br \/>\nUtk\u00e1n\u00ed jsme za\u010dali velmi aktivn\u011b, ji\u017e od prvn\u00ed minuty jsme dominovali a byli lep\u0161\u00ed v dr\u017een\u00ed m\u00ed\u010de. Postupn\u011b jsme si vypracov\u00e1vali g\u00f3lov\u00e9 \u0161ance, ale bohu\u017eel \u017e\u00e1dn\u00e1 z nich neskon\u010dila v s\u00edti. M\u011bli jsme i n\u011bkolik rohov\u00fdch kop\u016f, ale soupe\u0159 dok\u00e1zal na\u0161\u00ed ofenz\u00edvu dob\u0159e odol\u00e1vat.<\/p>\n<p>V 16. minut\u011b se v\u0161ak do veden\u00ed dostal n\u00e1\u0161 soupe\u0159, kdy\u017e z rychl\u00e9, na prvn\u00ed pohled nevinn\u00e9, akce po chyb\u011b v obran\u011b sk\u00f3rovali. Tato branka n\u00e1s na\u0161t\u011bst\u00ed nezlomila a po rozehr\u00e1n\u00ed jsme se ihned pustili do \u00fatoku.<\/p>\n<p><strong>Vyrovn\u00e1n\u00ed z penalty \u2013 Kratochv\u00edl se nem\u00fdlil<\/strong><br \/>\nPo n\u011bkolika minut\u00e1ch se Honza Kratochv\u00edl dostal do obrovsk\u00e9 \u0161ance, ale byl faulov\u00e1n p\u0159\u00edmo ve v\u00e1pn\u011b. Na\u0159\u00edzenou penaltu si vzal s\u00e1m faulovan\u00fd a s naprost\u00fdm p\u0159ehledem vyrovnal st\u0159elou k ty\u010di v 20. minut\u011b. \ud83d\udd25<\/p>\n<p>T\u00edmto g\u00f3lem jsme op\u011bt z\u00edskali momentum a byli jsme i nad\u00e1le nebezpe\u010dn\u00ed. V 32. minut\u011b n\u00e1s do veden\u00ed poslal Va\u0161ek Kott, kdy\u017e jeho te\u010dovan\u00e1 st\u0159ela z poza \u0161estn\u00e1ctky skon\u010dila za z\u00e1dy brank\u00e1\u0159e Sv\u00e1dova B. Tento g\u00f3l byl v\u00fdsledkem trp\u011bliv\u00e9 a silov\u00e9 hry, kter\u00e1 p\u0159inesla ovoce. Do konce prvn\u00edho polo\u010dasu jsme ji\u017e \u017e\u00e1dnou dal\u0161\u00ed \u0161anci nepropustili, a tak jsme \u0161li do \u0161aten s zaslou\u017een\u00fdm veden\u00edm.<\/p>\n<p><strong>Druh\u00e1 p\u016fle \u2013 soupe\u0159 se zlep\u0161il, ale my jsme byli efektivn\u00ed<\/strong><br \/>\nPo zm\u011bn\u011b stran jsme na prvn\u00ed polo\u010das nenav\u00e1zali, co\u017e umo\u017enilo soupe\u0159i p\u0159ebrat iniciativu. Sv\u00e1dov B za\u010dal m\u00edt v\u00edce ze hry, ale na\u0161t\u011bst\u00ed ud\u011blal n\u011bkolik chyb, kter\u00e9 jsme dok\u00e1zali vyu\u017e\u00edt. V 58. minut\u011b, po ztr\u00e1t\u011b m\u00ed\u010de p\u0159i rozehr\u00e1vce soupe\u0159e, jsme se dostali do \u0161ance a Dan Patyk s p\u0159ehledem prost\u0159elil brank\u00e1\u0159e Sv\u00e1dova B mezi nohama. \ud83d\udca5<\/p>\n<p>Na\u0161e veden\u00ed v\u0161ak nebylo je\u0161t\u011b bezpe\u010dn\u00e9. Sv\u00e1dov\u0161t\u00ed se sna\u017eili, ale my jsme byli pevn\u00ed v obran\u011b a soupe\u0159e jsme nepustili k \u017e\u00e1dn\u00e9 v\u00fdrazn\u00e9 \u0161anci. V 63. minut\u011b p\u0159i\u0161el \u010dtvrt\u00fd g\u00f3l, kdy\u017e Vladim\u00edr Jackel n\u00e1dhern\u011b sk\u00f3roval z p\u0159\u00edm\u00e9ho kopu, kter\u00fd obrana soupe\u0159e te\u010dovala do protipohybu brank\u00e1\u0159e.<\/p>\n<p>Zaslou\u017een\u00e9 v\u00edt\u011bzstv\u00ed a cenn\u00e9 t\u0159i body<br \/>\nNakonec jsme z\u00e1pas dovedli k v\u00edt\u011bzn\u00e9mu konci 4:2. Na\u0161e v\u00fdhra je nejenom zaslou\u017een\u00e1, ale i velmi d\u016fle\u017eit\u00e1 pro na\u0161i pozici v tabulce. V\u0161em hr\u00e1\u010d\u016fm pat\u0159\u00ed velk\u00e9 pod\u011bkov\u00e1n\u00ed za nasazen\u00ed a t\u00fdmov\u00fd v\u00fdkon, kter\u00fd n\u00e1m p\u0159inesl cenn\u00e9 t\u0159i body. \ud83d\udcaa<\/p>\n<p><strong>G\u00f3ly z\u00e1pasu:<\/strong><br \/>\n<strong>20. Jan Kratochv\u00edl (penalta)<\/strong><\/p>\n<p><strong>32. V\u00e1clav Kott<\/strong><\/p>\n<p><strong>58. Daniel Patyk<\/strong><\/p>\n<p><strong>63. Vladim\u00edr Jackel<\/strong><\/p>\n<p>Po t\u00e9to v\u00fdh\u0159e jsme op\u011bt o krok bl\u00ed\u017ee k na\u0161im c\u00edl\u016fm a te\u010f u\u017e se t\u011b\u0161\u00edme na dal\u0161\u00ed v\u00fdzvy, kter\u00e9 n\u00e1s \u010dekaj\u00ed v n\u00e1sleduj\u00edc\u00edch kolech.<\/p>\n<p>D\u011bkujeme v\u0161em fanou\u0161k\u016fm za podporu! \ud83d\ude4f T\u011b\u0161\u00edme se na va\u0161i \u00fa\u010dast p\u0159i dal\u0161\u00edch z\u00e1pasech.<\/p>\n","protected":false},"excerpt":{"rendered":"<p>V sobotu 3. kv\u011btna 2025 se na\u0161e mu\u017estvo postavilo proti TJ Sv\u00e1dov B na dom\u00e1c\u00ed p\u016fd\u011b v Are\u00e1lu P\u00edskovna. Z\u00e1pas byl od za\u010d\u00e1tku velmi vyrovnan\u00fd a pln\u00fd dramatick\u00fdch okam\u017eik\u016f, ale nakonec jsme se radovali z v\u00edt\u011bzstv\u00ed 4:2. V\u00fdborn\u00fd za\u010d\u00e1tek, ale bez g\u00f3lov\u00e9ho efektu Utk\u00e1n\u00ed jsme za\u010dali velmi aktivn\u011b, ji\u017e od prvn\u00ed minuty jsme dominovali a [&hellip;]<\/p>\n","protected":false},"author":1,"featured_media":2835,"comment_status":"closed","ping_status":"open","sticky":false,"template":"","format":"standard","meta":{"footnotes":""},"categories":[79,37],"tags":[],"class_list":["post-2834","post","type-post","status-publish","format-standard","has-post-thumbnail","hentry","category-match","category-news"],"_links":{"self":[{"href":"https:\/\/www.tjspartakvaltirov.cz\/index.php?rest_route=\/wp\/v2\/posts\/2834","targetHints":{"allow":["GET"]}}],"collection":[{"href":"https:\/\/www.tjspartakvaltirov.cz\/index.php?rest_route=\/wp\/v2\/posts"}],"about":[{"href":"https:\/\/www.tjspartakvaltirov.cz\/index.php?rest_route=\/wp\/v2\/types\/post"}],"author":[{"embeddable":true,"href":"https:\/\/www.tjspartakvaltirov.cz\/index.php?rest_route=\/wp\/v2\/users\/1"}],"replies":[{"embeddable":true,"href":"https:\/\/www.tjspartakvaltirov.cz\/index.php?rest_route=%2Fwp%2Fv2%2Fcomments&post=2834"}],"version-history":[{"count":1,"href":"https:\/\/www.tjspartakvaltirov.cz\/index.php?rest_route=\/wp\/v2\/posts\/2834\/revisions"}],"predecessor-version":[{"id":2836,"href":"https:\/\/www.tjspartakvaltirov.cz\/index.php?rest_route=\/wp\/v2\/posts\/2834\/revisions\/2836"}],"wp:featuredmedia":[{"embeddable":true,"href":"https:\/\/www.tjspartakvaltirov.cz\/index.php?rest_route=\/wp\/v2\/media\/2835"}],"wp:attachment":[{"href":"https:\/\/www.tjspartakvaltirov.cz\/index.php?rest_route=%2Fwp%2Fv2%2Fmedia&parent=2834"}],"wp:term":[{"taxonomy":"category","embeddable":true,"href":"https:\/\/www.tjspartakvaltirov.cz\/index.php?rest_route=%2Fwp%2Fv2%2Fcategories&post=2834"},{"taxonomy":"post_tag","embeddable":true,"href":"https:\/\/www.tjspartakvaltirov.cz\/index.php?rest_route=%2Fwp%2Fv2%2Ftags&post=2834"}],"curies":[{"name":"wp","href":"https:\/\/api.w.org\/{rel}","templated":true}]}}