{"id":2849,"date":"2025-05-28T09:53:57","date_gmt":"2025-05-28T08:53:57","guid":{"rendered":"https:\/\/www.tjspartakvaltirov.cz\/?p=2849"},"modified":"2025-05-28T09:53:57","modified_gmt":"2025-05-28T08:53:57","slug":"otevreni-stanku-zmrzlina-z-piskovny-u-fotbaloveho-hriste","status":"publish","type":"post","link":"https:\/\/www.tjspartakvaltirov.cz\/?p=2849","title":{"rendered":"Otev\u0159en\u00ed st\u00e1nku \u201eZmrzlina z p\u00edskovny\u201c u fotbalov\u00e9ho h\u0159i\u0161t\u011b!"},"content":{"rendered":"\n<p>M\u00e1te r\u00e1di osv\u011b\u017een\u00ed b\u011bhem sportovn\u00edch aktivit nebo proch\u00e1zky po okol\u00ed? P\u0159ij\u010fte si vychutnat skv\u011blou zmrzlinu! \ud83c\udf66<\/p>\n\n\n\n<p>St\u00e1nek \u201eZmrzlina z p\u00edskovny\u201c se otev\u00edr\u00e1 ji\u017e 31. kv\u011btna v 10:00 p\u0159\u00edmo vedle na\u0161eho fotbalov\u00e9ho h\u0159i\u0161t\u011b. Nab\u00edz\u00edme \u0161irokou nab\u00eddku chut\u00ed pro v\u0161echny, kte\u0159\u00ed si cht\u011bj\u00ed pochutnat na kvalitn\u00ed zmrzlin\u011b v p\u0159\u00edjemn\u00e9m prost\u0159ed\u00ed.<\/p>\n\n\n\n<p>Provozovatelem st\u00e1nku je Monika Barnat, kter\u00e1 se t\u011b\u0161\u00ed na va\u0161i n\u00e1v\u0161t\u011bvu a v\u011b\u0159\u00ed, \u017ee si ka\u017ed\u00fd najde tu pravou chu\u0165, kter\u00e1 v\u00e1m zp\u0159\u00edjemn\u00ed den!<\/p>\n\n\n\n<p><strong>Kdy?<\/strong> 31. kv\u011btna 2025, 10:00<br><strong>Kde?<\/strong> Vedle fotbalov\u00e9ho h\u0159i\u0161t\u011b, TJ Spartak Valt\u00ed\u0159ov<\/p>\n\n\n\n<p>P\u0159ij\u010fte si u\u017e\u00edt prvn\u00ed zmrzlinu sez\u00f3ny! \ud83c\udf67<\/p>\n\n\n\n<p>#ZmrzlinaZP\u00edskovny #Otev\u0159en\u00ed #Zmrzlina #Fotbal #Valt\u00ed\u0159ov<\/p>\n","protected":false},"excerpt":{"rendered":"<p>M\u00e1te r\u00e1di osv\u011b\u017een\u00ed b\u011bhem sportovn\u00edch aktivit nebo proch\u00e1zky po okol\u00ed? P\u0159ij\u010fte si vychutnat skv\u011blou zmrzlinu! \ud83c\udf66 St\u00e1nek \u201eZmrzlina z p\u00edskovny\u201c se otev\u00edr\u00e1 ji\u017e 31. kv\u011btna v 10:00 p\u0159\u00edmo vedle na\u0161eho fotbalov\u00e9ho h\u0159i\u0161t\u011b. Nab\u00edz\u00edme \u0161irokou nab\u00eddku chut\u00ed pro v\u0161echny, kte\u0159\u00ed si cht\u011bj\u00ed pochutnat na kvalitn\u00ed zmrzlin\u011b v p\u0159\u00edjemn\u00e9m prost\u0159ed\u00ed. Provozovatelem st\u00e1nku je Monika Barnat, kter\u00e1 se [&hellip;]<\/p>\n","protected":false},"author":1,"featured_media":2850,"comment_status":"closed","ping_status":"open","sticky":false,"template":"","format":"standard","meta":{"footnotes":""},"categories":[37],"tags":[],"class_list":["post-2849","post","type-post","status-publish","format-standard","has-post-thumbnail","hentry","category-news"],"_links":{"self":[{"href":"https:\/\/www.tjspartakvaltirov.cz\/index.php?rest_route=\/wp\/v2\/posts\/2849","targetHints":{"allow":["GET"]}}],"collection":[{"href":"https:\/\/www.tjspartakvaltirov.cz\/index.php?rest_route=\/wp\/v2\/posts"}],"about":[{"href":"https:\/\/www.tjspartakvaltirov.cz\/index.php?rest_route=\/wp\/v2\/types\/post"}],"author":[{"embeddable":true,"href":"https:\/\/www.tjspartakvaltirov.cz\/index.php?rest_route=\/wp\/v2\/users\/1"}],"replies":[{"embeddable":true,"href":"https:\/\/www.tjspartakvaltirov.cz\/index.php?rest_route=%2Fwp%2Fv2%2Fcomments&post=2849"}],"version-history":[{"count":1,"href":"https:\/\/www.tjspartakvaltirov.cz\/index.php?rest_route=\/wp\/v2\/posts\/2849\/revisions"}],"predecessor-version":[{"id":2851,"href":"https:\/\/www.tjspartakvaltirov.cz\/index.php?rest_route=\/wp\/v2\/posts\/2849\/revisions\/2851"}],"wp:featuredmedia":[{"embeddable":true,"href":"https:\/\/www.tjspartakvaltirov.cz\/index.php?rest_route=\/wp\/v2\/media\/2850"}],"wp:attachment":[{"href":"https:\/\/www.tjspartakvaltirov.cz\/index.php?rest_route=%2Fwp%2Fv2%2Fmedia&parent=2849"}],"wp:term":[{"taxonomy":"category","embeddable":true,"href":"https:\/\/www.tjspartakvaltirov.cz\/index.php?rest_route=%2Fwp%2Fv2%2Fcategories&post=2849"},{"taxonomy":"post_tag","embeddable":true,"href":"https:\/\/www.tjspartakvaltirov.cz\/index.php?rest_route=%2Fwp%2Fv2%2Ftags&post=2849"}],"curies":[{"name":"wp","href":"https:\/\/api.w.org\/{rel}","templated":true}]}}