{"id":2853,"date":"2025-05-28T12:07:55","date_gmt":"2025-05-28T11:07:55","guid":{"rendered":"https:\/\/www.tjspartakvaltirov.cz\/?p=2853"},"modified":"2025-05-28T12:08:05","modified_gmt":"2025-05-28T11:08:05","slug":"tj-spartak-valtirov-vs-sk-brna-z-s-prohra-12","status":"publish","type":"post","link":"https:\/\/www.tjspartakvaltirov.cz\/?p=2853","title":{"rendered":"TJ Spartak Valt\u00ed\u0159ov vs. SK Brn\u00e1 \u2013 Prohra 1:2"},"content":{"rendered":"\n<p>V sobotu 24. kv\u011btna 2025 jsme na dom\u00e1c\u00ed p\u016fd\u011b p\u0159iv\u00edtali <strong>vedouc\u00ed t\u00fdm tabulky<\/strong> \u2013 <strong>SK Brn\u00e1<\/strong>. Z\u00e1pas skon\u010dil <strong>prohrou 1:2<\/strong>, p\u0159i\u010dem\u017e jedin\u00fd g\u00f3l za n\u00e1s vst\u0159elil <strong>Honza Kratochv\u00edl<\/strong>, a to z <strong>penalty v 59. minut\u011b<\/strong>.<\/p>\n\n\n\n<h4 class=\"wp-block-heading\"><strong>Pr\u016fb\u011bh z\u00e1pasu:<\/strong><\/h4>\n\n\n\n<p>Z\u00e1pas se vyv\u00edjel podle o\u010dek\u00e1v\u00e1n\u00ed. <strong>Brn\u00e1<\/strong>, kter\u00e1 m\u00e1 skv\u011bl\u00fd \u00fatok, v\u010detn\u011b b\u00fdval\u00e9ho prvoligov\u00e9ho hr\u00e1\u010de <strong>Emila Rilkeho<\/strong> a nejlep\u0161\u00edho st\u0159elce sout\u011b\u017ee <strong>Filipa \u0160milauera<\/strong>, se tla\u010dila do \u00fatoku, ale na\u0161e obrana dr\u017eela pevn\u011b. V prvn\u00ed p\u016fli, kter\u00e1 skon\u010dila bez g\u00f3l\u016f, m\u011bl <strong>Honza Kratochv\u00edl<\/strong> skv\u011blou \u0161anci, kdy\u017e se ocitl s\u00e1m p\u0159ed brank\u00e1\u0159em, ale bohu\u017eel neprom\u011bnil.<\/p>\n\n\n\n<p>V 51. minut\u011b <strong>Filip \u0160milauer<\/strong> otev\u0159el sk\u00f3re pro Brnou a poslal je do veden\u00ed. Tento g\u00f3l n\u00e1s v\u0161ak nezlomil. V 59. minut\u011b jsme se vr\u00e1tili zp\u011bt do z\u00e1pasu, kdy\u017e <strong>Honza Kratochv\u00edl<\/strong> prom\u011bnil <strong>penaltu<\/strong>, kterou si s\u00e1m vybojoval po faulu soupe\u0159ova brank\u00e1\u0159e. Stav byl 1:1.<\/p>\n\n\n\n<p>V 69. minut\u011b, po n\u00e1dhern\u00e9 st\u0159ele <strong>Emila Rilkeho<\/strong> do horn\u00edho rohu branky, se <strong>Brn\u00e1<\/strong> op\u011bt dostala do veden\u00ed 2:1. Tento g\u00f3l bohu\u017eel rozhodl o v\u00fdsledku z\u00e1pasu. Sebuz\u00edn je\u0161t\u011b v z\u00e1v\u011bru nezu\u017eitkoval v\u00fdhodu pokutov\u00e9ho kopu.<\/p>\n\n\n\n<h4 class=\"wp-block-heading\"><strong>Branky z\u00e1pasu:<\/strong><\/h4>\n\n\n\n<ul class=\"wp-block-list\">\n<li><strong>51&#8242; \u0160milauer<\/strong> (Brn\u00e1)<\/li>\n\n\n\n<li><strong>59&#8242; Kratochv\u00edl (penalta)<\/strong> (Spartak Valt\u00ed\u0159ov)<\/li>\n\n\n\n<li><strong>69&#8242; Rilke<\/strong> (Brn\u00e1)<\/li>\n<\/ul>\n\n\n\n<p>I p\u0159es prohru d\u011bkujeme v\u0161em fanou\u0161k\u016fm za podporu a v\u011b\u0159\u00edme, \u017ee n\u00e1s podpo\u0159\u00edte i v n\u00e1sleduj\u00edc\u00edch z\u00e1pasech!<\/p>\n","protected":false},"excerpt":{"rendered":"<p>V sobotu 24. kv\u011btna 2025 jsme na dom\u00e1c\u00ed p\u016fd\u011b p\u0159iv\u00edtali vedouc\u00ed t\u00fdm tabulky \u2013 SK Brn\u00e1. Z\u00e1pas skon\u010dil prohrou 1:2, p\u0159i\u010dem\u017e jedin\u00fd g\u00f3l za n\u00e1s vst\u0159elil Honza Kratochv\u00edl, a to z penalty v 59. minut\u011b. Pr\u016fb\u011bh z\u00e1pasu: Z\u00e1pas se vyv\u00edjel podle o\u010dek\u00e1v\u00e1n\u00ed. Brn\u00e1, kter\u00e1 m\u00e1 skv\u011bl\u00fd \u00fatok, v\u010detn\u011b b\u00fdval\u00e9ho prvoligov\u00e9ho hr\u00e1\u010de Emila Rilkeho a nejlep\u0161\u00edho [&hellip;]<\/p>\n","protected":false},"author":1,"featured_media":2854,"comment_status":"closed","ping_status":"open","sticky":false,"template":"","format":"standard","meta":{"footnotes":""},"categories":[37],"tags":[],"class_list":["post-2853","post","type-post","status-publish","format-standard","has-post-thumbnail","hentry","category-news"],"_links":{"self":[{"href":"https:\/\/www.tjspartakvaltirov.cz\/index.php?rest_route=\/wp\/v2\/posts\/2853","targetHints":{"allow":["GET"]}}],"collection":[{"href":"https:\/\/www.tjspartakvaltirov.cz\/index.php?rest_route=\/wp\/v2\/posts"}],"about":[{"href":"https:\/\/www.tjspartakvaltirov.cz\/index.php?rest_route=\/wp\/v2\/types\/post"}],"author":[{"embeddable":true,"href":"https:\/\/www.tjspartakvaltirov.cz\/index.php?rest_route=\/wp\/v2\/users\/1"}],"replies":[{"embeddable":true,"href":"https:\/\/www.tjspartakvaltirov.cz\/index.php?rest_route=%2Fwp%2Fv2%2Fcomments&post=2853"}],"version-history":[{"count":2,"href":"https:\/\/www.tjspartakvaltirov.cz\/index.php?rest_route=\/wp\/v2\/posts\/2853\/revisions"}],"predecessor-version":[{"id":2856,"href":"https:\/\/www.tjspartakvaltirov.cz\/index.php?rest_route=\/wp\/v2\/posts\/2853\/revisions\/2856"}],"wp:featuredmedia":[{"embeddable":true,"href":"https:\/\/www.tjspartakvaltirov.cz\/index.php?rest_route=\/wp\/v2\/media\/2854"}],"wp:attachment":[{"href":"https:\/\/www.tjspartakvaltirov.cz\/index.php?rest_route=%2Fwp%2Fv2%2Fmedia&parent=2853"}],"wp:term":[{"taxonomy":"category","embeddable":true,"href":"https:\/\/www.tjspartakvaltirov.cz\/index.php?rest_route=%2Fwp%2Fv2%2Fcategories&post=2853"},{"taxonomy":"post_tag","embeddable":true,"href":"https:\/\/www.tjspartakvaltirov.cz\/index.php?rest_route=%2Fwp%2Fv2%2Ftags&post=2853"}],"curies":[{"name":"wp","href":"https:\/\/api.w.org\/{rel}","templated":true}]}}