{"id":2857,"date":"2025-06-02T10:58:05","date_gmt":"2025-06-02T09:58:05","guid":{"rendered":"https:\/\/www.tjspartakvaltirov.cz\/?p=2857"},"modified":"2025-06-02T10:58:05","modified_gmt":"2025-06-02T09:58:05","slug":"prohra-31-proti-tj-strekov-b-ale-bojovali-jsme-az-do-konce","status":"publish","type":"post","link":"https:\/\/www.tjspartakvaltirov.cz\/?p=2857","title":{"rendered":"Prohra 3:1 proti TJ St\u0159ekov B, ale bojovali jsme a\u017e do konce!"},"content":{"rendered":"\n<p>V p\u00e1tek 30. kv\u011btna 2025 se na\u0161e mu\u017estvo postavilo proti <strong>TJ St\u0159ekov B<\/strong> na jejich dom\u00e1c\u00ed p\u016fd\u011b, kter\u00e1 se nach\u00e1z\u00ed v malebn\u00e9m prost\u0159ed\u00ed pod hradem St\u0159ekov. Z\u00e1pas, kter\u00fd za\u010dal za kr\u00e1sn\u00e9ho slune\u010dn\u00edho p\u00e1te\u010dn\u00edho ve\u010dera, nakonec skon\u010dil <strong>prohrou 3:1<\/strong> po polo\u010dase 1:0 pro dom\u00e1c\u00ed.<\/p>\n\n\n\n<h4 class=\"wp-block-heading\"><strong>N\u00e1ro\u010dn\u00fd z\u00e1pas bez st\u0159\u00edd\u00e1n\u00ed<\/strong><\/h4>\n\n\n\n<p>Od za\u010d\u00e1tku to bylo jasn\u00e9, \u017ee to nebude jednoduch\u00e9. Na\u0161e sestava byla jen <strong>11 hr\u00e1\u010d\u016f<\/strong>, tak\u017ee jsme cel\u00fd z\u00e1pas odehr\u00e1li bez mo\u017enosti st\u0159\u00edd\u00e1n\u00ed \u2013 a to se na n\u00e1s ve druh\u00e9 p\u016fli ur\u010dit\u011b projevilo. M\u011bli jsme sice dobr\u00fd p\u0159\u00edstup k obran\u011b a dok\u00e1zali jsme se br\u00e1nit i po celou prvn\u00ed p\u016fli, ale soupe\u0159 m\u011bl sv\u00e9 \u0161ance a necht\u011bl n\u00e1s nechat v klidu.<\/p>\n\n\n\n<h4 class=\"wp-block-heading\"><strong>Prvn\u00ed p\u016fle: Odol\u00e1v\u00e1me, ale&#8230;<\/strong><\/h4>\n\n\n\n<p>V prvn\u00ed p\u016fli jsme odol\u00e1vali n\u00e1tlaku dom\u00e1c\u00edho t\u00fdmu, kter\u00fd si vytvo\u0159il n\u011bkolik slibn\u00fdch \u0161anc\u00ed, ale na\u0161e obrana je v\u017edy s p\u0159ehledem zastavila. Na\u0161e brank\u00e1\u0159sk\u00e1 jistota taky nezklamala a ve 40. minut\u011b <strong>odvr\u00e1tila dv\u011b stoprocentn\u00ed \u0161ance<\/strong> soupe\u0159e. V\u0161ichni jsme u\u017e skoro doufali v bezbrankovou rem\u00edzu, ale pak p\u0159i\u0161la <strong>ne\u0161\u0165astn\u00e1 chvilka<\/strong>. V z\u00e1v\u011bru prvn\u00ed p\u016fle dom\u00e1c\u00ed <strong>St\u0159ekov B<\/strong> p\u0159ece jen sk\u00f3roval a dostal se do veden\u00ed 1:0.<\/p>\n\n\n\n<h4 class=\"wp-block-heading\"><strong>Druh\u00e1 p\u016fle: Ne\u00fasp\u011b\u0161n\u00e9 dob\u00fdv\u00e1n\u00ed na\u0161\u00ed branky a chybn\u00e9 rozhodnut\u00ed rozhod\u010d\u00edho<\/strong><\/h4>\n\n\n\n<p>Druh\u00fd polo\u010das byl ve znamen\u00ed ne\u00fasp\u011b\u0161n\u00e9ho dob\u00fdv\u00e1n\u00ed na\u0161\u00ed branky. Soupe\u0159 tla\u010dil, a i kdy\u017e jsme se sna\u017eili, na\u0161e s\u00edly byly omezen\u00e9. K tomu se n\u00e1m ne\u0161\u0165astn\u011b stalo, \u017ee <strong>n\u00e1\u0161 brank\u00e1\u0159<\/strong> si v jedn\u00e9 chv\u00edli vybral slab\u0161\u00ed chvilku a <strong>propustil st\u0159elu z v\u011bt\u0161\u00ed vzd\u00e1lenosti<\/strong>, kter\u00e1 dom\u00e1c\u00ed poslala do dvoug\u00f3lov\u00e9ho veden\u00ed. Bylo to hodn\u011b smoln\u00e9, proto\u017ee jsme byli po\u0159\u00e1d v z\u00e1pase, ale tento g\u00f3l n\u00e1s trochu zbrzdil.<\/p>\n\n\n\n<p>Pot\u00e9 u\u017e dom\u00e1c\u00ed tla\u010dili, ale n\u00e1\u0161 brank\u00e1\u0159 se zlep\u0161il a <strong>spolu s obranou<\/strong> dr\u017eeli dom\u00e1c\u00ed na dost\u0159el.<\/p>\n\n\n\n<h4 class=\"wp-block-heading\"><strong>Kratochv\u00edl\u016fv g\u00f3l a dal\u0161\u00ed ud\u00e1losti<\/strong><\/h4>\n\n\n\n<p>V 70. minut\u011b jsme se kone\u010dn\u011b do\u010dkali a dostali se na <strong>1:2<\/strong>, kdy\u017e po p\u011bkn\u00e9m centru z prav\u00e9 strany se na <strong>zadn\u00ed ty\u010di<\/strong> objevil <strong>Honza Kratochv\u00edl<\/strong>, kter\u00fd se nem\u00fdlil a vst\u0159elil svou <strong>21. branku leto\u0161n\u00ed sez\u00f3ny<\/strong>. \ud83c\udfaf To n\u00e1m dalo nad\u011bji, \u017ee je\u0161t\u011b m\u016f\u017eeme z\u00e1pas oto\u010dit!<\/p>\n\n\n\n<p>Ale jak u\u017e to b\u00fdv\u00e1, za\u010dal \u00fa\u0159adovat <strong>rozhod\u010d\u00ed<\/strong>. Po n\u011bkolika, podle na\u0161eho n\u00e1zoru <strong>nespr\u00e1vn\u011b ud\u011blen\u00fdch \u017elut\u00fdch kart\u00e1ch<\/strong>, do\u0161lo k <strong>vylou\u010den\u00ed na\u0161eho hr\u00e1\u010de<\/strong>, co\u017e n\u00e1s je\u0161t\u011b v\u00edce zt\u00ed\u017eilo. V sam\u00e9m z\u00e1v\u011bru pak dom\u00e1c\u00ed ustanovili sk\u00f3re na kone\u010dn\u00fdch 3:1.<\/p>\n","protected":false},"excerpt":{"rendered":"<p>V p\u00e1tek 30. kv\u011btna 2025 se na\u0161e mu\u017estvo postavilo proti TJ St\u0159ekov B na jejich dom\u00e1c\u00ed p\u016fd\u011b, kter\u00e1 se nach\u00e1z\u00ed v malebn\u00e9m prost\u0159ed\u00ed pod hradem St\u0159ekov. Z\u00e1pas, kter\u00fd za\u010dal za kr\u00e1sn\u00e9ho slune\u010dn\u00edho p\u00e1te\u010dn\u00edho ve\u010dera, nakonec skon\u010dil prohrou 3:1 po polo\u010dase 1:0 pro dom\u00e1c\u00ed. N\u00e1ro\u010dn\u00fd z\u00e1pas bez st\u0159\u00edd\u00e1n\u00ed Od za\u010d\u00e1tku to bylo jasn\u00e9, \u017ee to nebude [&hellip;]<\/p>\n","protected":false},"author":1,"featured_media":2858,"comment_status":"closed","ping_status":"open","sticky":false,"template":"","format":"standard","meta":{"footnotes":""},"categories":[79,37],"tags":[],"class_list":["post-2857","post","type-post","status-publish","format-standard","has-post-thumbnail","hentry","category-match","category-news"],"_links":{"self":[{"href":"https:\/\/www.tjspartakvaltirov.cz\/index.php?rest_route=\/wp\/v2\/posts\/2857","targetHints":{"allow":["GET"]}}],"collection":[{"href":"https:\/\/www.tjspartakvaltirov.cz\/index.php?rest_route=\/wp\/v2\/posts"}],"about":[{"href":"https:\/\/www.tjspartakvaltirov.cz\/index.php?rest_route=\/wp\/v2\/types\/post"}],"author":[{"embeddable":true,"href":"https:\/\/www.tjspartakvaltirov.cz\/index.php?rest_route=\/wp\/v2\/users\/1"}],"replies":[{"embeddable":true,"href":"https:\/\/www.tjspartakvaltirov.cz\/index.php?rest_route=%2Fwp%2Fv2%2Fcomments&post=2857"}],"version-history":[{"count":1,"href":"https:\/\/www.tjspartakvaltirov.cz\/index.php?rest_route=\/wp\/v2\/posts\/2857\/revisions"}],"predecessor-version":[{"id":2859,"href":"https:\/\/www.tjspartakvaltirov.cz\/index.php?rest_route=\/wp\/v2\/posts\/2857\/revisions\/2859"}],"wp:featuredmedia":[{"embeddable":true,"href":"https:\/\/www.tjspartakvaltirov.cz\/index.php?rest_route=\/wp\/v2\/media\/2858"}],"wp:attachment":[{"href":"https:\/\/www.tjspartakvaltirov.cz\/index.php?rest_route=%2Fwp%2Fv2%2Fmedia&parent=2857"}],"wp:term":[{"taxonomy":"category","embeddable":true,"href":"https:\/\/www.tjspartakvaltirov.cz\/index.php?rest_route=%2Fwp%2Fv2%2Fcategories&post=2857"},{"taxonomy":"post_tag","embeddable":true,"href":"https:\/\/www.tjspartakvaltirov.cz\/index.php?rest_route=%2Fwp%2Fv2%2Ftags&post=2857"}],"curies":[{"name":"wp","href":"https:\/\/api.w.org\/{rel}","templated":true}]}}