{"id":2876,"date":"2025-07-03T14:57:29","date_gmt":"2025-07-03T13:57:29","guid":{"rendered":"https:\/\/www.tjspartakvaltirov.cz\/?p=2876"},"modified":"2025-07-03T14:57:29","modified_gmt":"2025-07-03T13:57:29","slug":"priprava-na-sezonu-2025-26-tj-spartak-valtirov","status":"publish","type":"post","link":"https:\/\/www.tjspartakvaltirov.cz\/?p=2876","title":{"rendered":"P\u0159\u00edprava na sez\u00f3nu 2025\/26 \u2013 TJ Spartak Valt\u00ed\u0159ov"},"content":{"rendered":"\n<p>Sez\u00f3na <strong>2025\/26<\/strong> je p\u0159ed n\u00e1mi a my se t\u011b\u0161\u00edme na nov\u00e9 v\u00fdzvy, kter\u00e9 n\u00e1s \u010dekaj\u00ed. I nad\u00e1le budeme p\u016fsobit v <strong>9. lize<\/strong>, co\u017e je p\u0159ejmenovan\u00e1 <strong>III. t\u0159\u00edda<\/strong> dosp\u011bl\u00fdch \u00dasteck\u00e9ho kraje, a budeme usilovat o co nejlep\u0161\u00ed um\u00edst\u011bn\u00ed.<\/p>\n\n\n\n<h4 class=\"wp-block-heading\"><strong>Term\u00edny z\u00e1pas\u016f:<\/strong><\/h4>\n\n\n\n<ul class=\"wp-block-list\">\n<li><strong>Podzimn\u00ed \u010d\u00e1st:<\/strong> 30. srpna \u2013 25. \u0159\u00edjna 2025<\/li>\n\n\n\n<li><strong>Jarn\u00ed \u010d\u00e1st:<\/strong> 18. dubna \u2013 13. \u010dervna 2026<\/li>\n<\/ul>\n\n\n\n<p>V sez\u00f3n\u011b se st\u0159etneme s t\u00fdmy jako <strong>FK Chuderov B<\/strong>, <strong>TJ P\u0159estanov B<\/strong>, <strong>TJ St\u0159ekov B<\/strong>, <strong>MSK Trmice B<\/strong>, <strong>TJ Sv\u00e1dov-Ol\u0161inky B<\/strong>, <strong>Chlumeck\u00e1 sportovn\u00ed\/Chlumec B<\/strong>, <strong>TJ Sebuz\u00edn B<\/strong>, <strong>FK Jiskra Modr\u00e1<\/strong> a samoz\u0159ejm\u011b s na\u0161\u00edm <strong>hlavn\u00edm rivalem, FK Jiskra Velk\u00e9 B\u0159ezno B<\/strong>.<\/p>\n\n\n\n<h4 class=\"wp-block-heading\"><strong>Velk\u00e1 v\u00fdzva a derby s Jiskrou!<\/strong><\/h4>\n\n\n\n<p>Mo\u017enost <strong>derby s velkob\u0159ezenskou Jiskrou<\/strong> je pro n\u00e1s obrovskou v\u00fdzvou, a t\u011b\u0161\u00edme se na tento z\u00e1pas jako na jeden z nejv\u00fdznamn\u011bj\u0161\u00edch v sez\u00f3n\u011b.<\/p>\n\n\n\n<h4 class=\"wp-block-heading\"><strong>Hled\u00e1me nov\u00e9 hr\u00e1\u010de!<\/strong><\/h4>\n\n\n\n<p>Abychom se na tuto v\u00fdzvu dob\u0159e p\u0159ipravili, <strong>st\u00e1le hled\u00e1me nov\u00e9 hr\u00e1\u010de<\/strong>. Obzvl\u00e1\u0161t\u011b <strong>mlad\u0161\u00ed ro\u010dn\u00edky<\/strong> jsou v\u00edce ne\u017e v\u00edt\u00e1ny. Pokud m\u00e1\u0161 z\u00e1jem, p\u0159idej se k n\u00e1m a pomoz n\u00e1m dos\u00e1hnout co nejlep\u0161\u00edch v\u00fdsledk\u016f.<\/p>\n\n\n\n<h4 class=\"wp-block-heading\"><strong>Sez\u00f3na 2024\/25 \u2013 co n\u00e1s \u010dek\u00e1?<\/strong><\/h4>\n\n\n\n<p>Minul\u00fd ro\u010dn\u00edk jsme zakon\u010dili na <strong>5. m\u00edst\u011b<\/strong>, co\u017e nen\u00ed to, co jsme si p\u0159edstavovali. A\u010dkoliv jsme m\u011bli n\u011bkolik skv\u011bl\u00fdch moment\u016f, na ja\u0159e n\u00e1s bohu\u017eel zas\u00e1hla <strong>n\u00edzk\u00e1 \u00fa\u010dast hr\u00e1\u010d\u016f<\/strong>, co\u017e se odrazilo na na\u0161ich v\u00fdsledc\u00edch. Tento rok m\u00e1me v pl\u00e1nu se na tento v\u00fdpadek soust\u0159edit a p\u0159istupovat k z\u00e1pas\u016fm s v\u011bt\u0161\u00ed odhodlanost\u00ed a silou.<\/p>\n\n\n\n<h4 class=\"wp-block-heading\"><strong>Co n\u00e1s \u010dek\u00e1 v roce 2025\/26?<\/strong><\/h4>\n\n\n\n<p>I p\u0159es lo\u0148sk\u00e9 zklam\u00e1n\u00ed jsme p\u0159ipraveni se posunout vp\u0159ed. Sez\u00f3na <strong>2025\/26<\/strong> bude pln\u00e1 nov\u00fdch v\u00fdzev a mo\u017enost\u00ed, a my se budeme soust\u0159edit na co nejlep\u0161\u00ed v\u00fdsledky. Na\u0161\u00edm c\u00edlem je zlep\u0161it se a podat kvalitn\u00ed v\u00fdkony v ka\u017ed\u00e9m z\u00e1pase.<\/p>\n\n\n\n<p>D\u011bkujeme na\u0161im fanou\u0161k\u016fm za jejich <strong>neust\u00e1lou podporu<\/strong> a v\u011b\u0159\u00edme, \u017ee spole\u010dn\u011b dos\u00e1hneme na\u0161ich c\u00edl\u016f.<\/p>\n\n\n\n<h3 class=\"wp-block-heading\"><strong>A\u0165 \u017eije fotbal v TJ Spartak Valt\u00ed\u0159ov!<\/strong><\/h3>\n","protected":false},"excerpt":{"rendered":"<p>Sez\u00f3na 2025\/26 je p\u0159ed n\u00e1mi a my se t\u011b\u0161\u00edme na nov\u00e9 v\u00fdzvy, kter\u00e9 n\u00e1s \u010dekaj\u00ed. I nad\u00e1le budeme p\u016fsobit v 9. lize, co\u017e je p\u0159ejmenovan\u00e1 III. t\u0159\u00edda dosp\u011bl\u00fdch \u00dasteck\u00e9ho kraje, a budeme usilovat o co nejlep\u0161\u00ed um\u00edst\u011bn\u00ed. Term\u00edny z\u00e1pas\u016f: V sez\u00f3n\u011b se st\u0159etneme s t\u00fdmy jako FK Chuderov B, TJ P\u0159estanov B, TJ St\u0159ekov B, [&hellip;]<\/p>\n","protected":false},"author":1,"featured_media":2877,"comment_status":"closed","ping_status":"open","sticky":false,"template":"","format":"standard","meta":{"footnotes":""},"categories":[37],"tags":[],"class_list":["post-2876","post","type-post","status-publish","format-standard","has-post-thumbnail","hentry","category-news"],"_links":{"self":[{"href":"https:\/\/www.tjspartakvaltirov.cz\/index.php?rest_route=\/wp\/v2\/posts\/2876","targetHints":{"allow":["GET"]}}],"collection":[{"href":"https:\/\/www.tjspartakvaltirov.cz\/index.php?rest_route=\/wp\/v2\/posts"}],"about":[{"href":"https:\/\/www.tjspartakvaltirov.cz\/index.php?rest_route=\/wp\/v2\/types\/post"}],"author":[{"embeddable":true,"href":"https:\/\/www.tjspartakvaltirov.cz\/index.php?rest_route=\/wp\/v2\/users\/1"}],"replies":[{"embeddable":true,"href":"https:\/\/www.tjspartakvaltirov.cz\/index.php?rest_route=%2Fwp%2Fv2%2Fcomments&post=2876"}],"version-history":[{"count":1,"href":"https:\/\/www.tjspartakvaltirov.cz\/index.php?rest_route=\/wp\/v2\/posts\/2876\/revisions"}],"predecessor-version":[{"id":2878,"href":"https:\/\/www.tjspartakvaltirov.cz\/index.php?rest_route=\/wp\/v2\/posts\/2876\/revisions\/2878"}],"wp:featuredmedia":[{"embeddable":true,"href":"https:\/\/www.tjspartakvaltirov.cz\/index.php?rest_route=\/wp\/v2\/media\/2877"}],"wp:attachment":[{"href":"https:\/\/www.tjspartakvaltirov.cz\/index.php?rest_route=%2Fwp%2Fv2%2Fmedia&parent=2876"}],"wp:term":[{"taxonomy":"category","embeddable":true,"href":"https:\/\/www.tjspartakvaltirov.cz\/index.php?rest_route=%2Fwp%2Fv2%2Fcategories&post=2876"},{"taxonomy":"post_tag","embeddable":true,"href":"https:\/\/www.tjspartakvaltirov.cz\/index.php?rest_route=%2Fwp%2Fv2%2Ftags&post=2876"}],"curies":[{"name":"wp","href":"https:\/\/api.w.org\/{rel}","templated":true}]}}