{"id":2971,"date":"2025-08-12T11:21:36","date_gmt":"2025-08-12T10:21:36","guid":{"rendered":"https:\/\/www.tjspartakvaltirov.cz\/?p=2971"},"modified":"2025-08-12T11:30:44","modified_gmt":"2025-08-12T10:30:44","slug":"dekujeme-firme-milstejn-za-podporu","status":"publish","type":"post","link":"https:\/\/www.tjspartakvaltirov.cz\/?p=2971","title":{"rendered":"D\u011bkujeme firm\u011b MIL\u0160TEJN za podporu!"},"content":{"rendered":"\n<p>R\u00e1di bychom pod\u011bkovali firm\u011b <strong>MIL\u0160TEJN<\/strong> (<a class=\"\" href=\"http:\/\/milstejn.eu\">milstejn.eu<\/a>), kter\u00e1 n\u00e1m pomohla zv\u00fd\u0161it atraktivitu na\u0161ich z\u00e1pas\u016f zakoupen\u00edm <strong>nov\u00fdch s\u00edt\u00ed na branky<\/strong> v barv\u00e1ch na\u0161eho klubu \u2013 <strong>zelenob\u00edl\u00e9<\/strong>! \ud83d\udfe2\u26aa\ufe0f<\/p>\n\n\n\n<p>Firma <strong>MIL\u0160TEJN<\/strong>, specializuj\u00edc\u00ed se na <strong>stavebn\u00ed a in\u017een\u00fdrskou \u010dinnost<\/strong>, se rozhodla podpo\u0159it n\u00e1\u0161 t\u00fdm a t\u00edm p\u0159isp\u011bt k lep\u0161\u00ed atmosf\u00e9\u0159e na h\u0159i\u0161ti. D\u00edky t\u011bmto nov\u00fdm s\u00edt\u00edm nejen zlep\u0161\u00edme vzhled na\u0161ich branek, ale v\u011b\u0159\u00edme, \u017ee to motivuje i na\u0161e st\u0159elce k je\u0161t\u011b v\u011bt\u0161\u00ed snaze o vst\u0159elen\u00ed g\u00f3lu! \ud83d\udca5<\/p>\n\n\n\n<p>Douf\u00e1me, \u017ee nov\u00e9 branky p\u0159inesou v\u00edce radosti, jak pro na\u0161e hr\u00e1\u010de, tak pro na\u0161e fanou\u0161ky! \ud83d\udc9a\u26bd<\/p>\n\n\n\n<p><\/p>\n","protected":false},"excerpt":{"rendered":"<p>R\u00e1di bychom pod\u011bkovali firm\u011b MIL\u0160TEJN (milstejn.eu), kter\u00e1 n\u00e1m pomohla zv\u00fd\u0161it atraktivitu na\u0161ich z\u00e1pas\u016f zakoupen\u00edm nov\u00fdch s\u00edt\u00ed na branky v barv\u00e1ch na\u0161eho klubu \u2013 zelenob\u00edl\u00e9! \ud83d\udfe2\u26aa\ufe0f Firma MIL\u0160TEJN, specializuj\u00edc\u00ed se na stavebn\u00ed a in\u017een\u00fdrskou \u010dinnost, se rozhodla podpo\u0159it n\u00e1\u0161 t\u00fdm a t\u00edm p\u0159isp\u011bt k lep\u0161\u00ed atmosf\u00e9\u0159e na h\u0159i\u0161ti. D\u00edky t\u011bmto nov\u00fdm s\u00edt\u00edm nejen zlep\u0161\u00edme vzhled na\u0161ich [&hellip;]<\/p>\n","protected":false},"author":1,"featured_media":2973,"comment_status":"closed","ping_status":"open","sticky":false,"template":"","format":"standard","meta":{"footnotes":""},"categories":[37],"tags":[],"class_list":["post-2971","post","type-post","status-publish","format-standard","has-post-thumbnail","hentry","category-news"],"_links":{"self":[{"href":"https:\/\/www.tjspartakvaltirov.cz\/index.php?rest_route=\/wp\/v2\/posts\/2971","targetHints":{"allow":["GET"]}}],"collection":[{"href":"https:\/\/www.tjspartakvaltirov.cz\/index.php?rest_route=\/wp\/v2\/posts"}],"about":[{"href":"https:\/\/www.tjspartakvaltirov.cz\/index.php?rest_route=\/wp\/v2\/types\/post"}],"author":[{"embeddable":true,"href":"https:\/\/www.tjspartakvaltirov.cz\/index.php?rest_route=\/wp\/v2\/users\/1"}],"replies":[{"embeddable":true,"href":"https:\/\/www.tjspartakvaltirov.cz\/index.php?rest_route=%2Fwp%2Fv2%2Fcomments&post=2971"}],"version-history":[{"count":1,"href":"https:\/\/www.tjspartakvaltirov.cz\/index.php?rest_route=\/wp\/v2\/posts\/2971\/revisions"}],"predecessor-version":[{"id":2972,"href":"https:\/\/www.tjspartakvaltirov.cz\/index.php?rest_route=\/wp\/v2\/posts\/2971\/revisions\/2972"}],"wp:featuredmedia":[{"embeddable":true,"href":"https:\/\/www.tjspartakvaltirov.cz\/index.php?rest_route=\/wp\/v2\/media\/2973"}],"wp:attachment":[{"href":"https:\/\/www.tjspartakvaltirov.cz\/index.php?rest_route=%2Fwp%2Fv2%2Fmedia&parent=2971"}],"wp:term":[{"taxonomy":"category","embeddable":true,"href":"https:\/\/www.tjspartakvaltirov.cz\/index.php?rest_route=%2Fwp%2Fv2%2Fcategories&post=2971"},{"taxonomy":"post_tag","embeddable":true,"href":"https:\/\/www.tjspartakvaltirov.cz\/index.php?rest_route=%2Fwp%2Fv2%2Ftags&post=2971"}],"curies":[{"name":"wp","href":"https:\/\/api.w.org\/{rel}","templated":true}]}}