{"id":3001,"date":"2025-09-07T08:58:32","date_gmt":"2025-09-07T06:58:32","guid":{"rendered":"https:\/\/www.tjspartakvaltirov.cz\/?p=3001"},"modified":"2025-09-07T08:58:32","modified_gmt":"2025-09-07T06:58:32","slug":"derby-start-sezony-spartak-rozstrilel-jiskru-51","status":"publish","type":"post","link":"https:\/\/www.tjspartakvaltirov.cz\/?p=3001","title":{"rendered":"Derby start sez\u00f3ny: Spartak rozst\u0159\u00edlel Jiskru 5:1!"},"content":{"rendered":"\n<p>Prvn\u00ed z\u00e1pas sez\u00f3ny 2025\/26 a hned derby! \ud83d\ude0a Na dom\u00e1c\u00ed p\u016fd\u011b jsme p\u0159iv\u00edtali b\u00e9\u010dko Velk\u00e9ho B\u0159ezna a hned od \u00favodu jsme uk\u00e1zali, \u017ee jsme p\u0159ipraveni po\u0159\u00e1dn\u011b zabrat. P\u0159i\u0161la i p\u011bkn\u00e1 n\u00e1v\u0161t\u011bva \u2013 cca 40 fanou\u0161k\u016f, tak\u017ee jsme se c\u00edtili t\u00e9m\u011b\u0159 jako na ligov\u00e9m z\u00e1pase.<\/p>\n\n\n\n<p>U\u017e v 8. minut\u011b rozvlnil s\u00ed\u0165 Barnat, kter\u00fd se nem\u00fdlil po skv\u011bl\u00e9 p\u0159ihr\u00e1vce Proch\u00e1zky. Host\u00e9 se ale nenechali zahanbit a z penalty v 15. minut\u011b vyrovnali \u2013 jejich jedin\u00e1 v\u00e1\u017en\u00e1 \u0161ance v prvn\u00ed p\u016fli, krom p\u00e1r nahodil\u00fdch st\u0159el.<\/p>\n\n\n\n<p>Ve 20. minut\u011b se Proch\u00e1zka odvd\u011b\u010dil Barnatovi a s\u00e1m zakon\u010dil samostatnou akci \u2013 2:1. A jeliko\u017e kapit\u00e1n Tuzar nez\u016fst\u00e1v\u00e1 pozadu, poprv\u00e9 se prosadil pod b\u0159evno ve 27. minut\u011b a poslal n\u00e1s do veden\u00ed 3:1 do polo\u010dasu.<\/p>\n\n\n\n<p>Druh\u00e1 p\u016fle byla jasn\u011b na\u0161e! Dob\u00fdv\u00e1n\u00ed branky Velkob\u0159ezensk\u00fdch pokra\u010dovalo, \u0161ance st\u0159\u00eddala \u0161anci, a i kdy\u017e jsme si n\u011bkolikr\u00e1t zkomplikovali \u017eivot vlastn\u00ed ne\u0161ikovnost\u00ed, kapit\u00e1n Tuzar uk\u00e1zal, \u017ee mu to jde i v druh\u00e9 p\u016fli \u2013 p\u0159esn\u00e9 st\u0159ely z \u0161estn\u00e1ctky v 58. a 76. minut\u011b zpe\u010detily v\u00fdsledn\u00fdch 5:1.<\/p>\n\n\n\n<p>A co je na tom nejlep\u0161\u00ed? Poradili jsme si bez na\u0161eho nejlep\u0161\u00edho st\u0159elce uplynul\u00fdch sez\u00f3n \u2013 Honzy Kratochv\u00edla. Tak\u017ee se m\u00e1me s k\u00fdm radovat a komu fandit i v nadch\u00e1zej\u00edc\u00edch z\u00e1pasech.<\/p>\n\n\n\n<p>Celkov\u011b se m\u016f\u017eeme t\u011b\u0161it na dal\u0161\u00ed utk\u00e1n\u00ed, proto\u017ee kdy\u017e na\u0161e \u00fatoky funguj\u00ed a kapit\u00e1n Tuzar se trefuje jak na b\u011b\u017e\u00edc\u00edm p\u00e1se, soupe\u0159i budou m\u00edt po\u0159\u00e1dn\u00fd probl\u00e9m! \ud83d\udcaa<\/p>\n","protected":false},"excerpt":{"rendered":"<p>Prvn\u00ed z\u00e1pas sez\u00f3ny 2025\/26 a hned derby! \ud83d\ude0a Na dom\u00e1c\u00ed p\u016fd\u011b jsme p\u0159iv\u00edtali b\u00e9\u010dko Velk\u00e9ho B\u0159ezna a hned od \u00favodu jsme uk\u00e1zali, \u017ee jsme p\u0159ipraveni po\u0159\u00e1dn\u011b zabrat. P\u0159i\u0161la i p\u011bkn\u00e1 n\u00e1v\u0161t\u011bva \u2013 cca 40 fanou\u0161k\u016f, tak\u017ee jsme se c\u00edtili t\u00e9m\u011b\u0159 jako na ligov\u00e9m z\u00e1pase. U\u017e v 8. minut\u011b rozvlnil s\u00ed\u0165 Barnat, kter\u00fd se nem\u00fdlil po [&hellip;]<\/p>\n","protected":false},"author":1,"featured_media":3002,"comment_status":"closed","ping_status":"open","sticky":false,"template":"","format":"standard","meta":{"footnotes":""},"categories":[79,37],"tags":[],"class_list":["post-3001","post","type-post","status-publish","format-standard","has-post-thumbnail","hentry","category-match","category-news"],"_links":{"self":[{"href":"https:\/\/www.tjspartakvaltirov.cz\/index.php?rest_route=\/wp\/v2\/posts\/3001","targetHints":{"allow":["GET"]}}],"collection":[{"href":"https:\/\/www.tjspartakvaltirov.cz\/index.php?rest_route=\/wp\/v2\/posts"}],"about":[{"href":"https:\/\/www.tjspartakvaltirov.cz\/index.php?rest_route=\/wp\/v2\/types\/post"}],"author":[{"embeddable":true,"href":"https:\/\/www.tjspartakvaltirov.cz\/index.php?rest_route=\/wp\/v2\/users\/1"}],"replies":[{"embeddable":true,"href":"https:\/\/www.tjspartakvaltirov.cz\/index.php?rest_route=%2Fwp%2Fv2%2Fcomments&post=3001"}],"version-history":[{"count":1,"href":"https:\/\/www.tjspartakvaltirov.cz\/index.php?rest_route=\/wp\/v2\/posts\/3001\/revisions"}],"predecessor-version":[{"id":3003,"href":"https:\/\/www.tjspartakvaltirov.cz\/index.php?rest_route=\/wp\/v2\/posts\/3001\/revisions\/3003"}],"wp:featuredmedia":[{"embeddable":true,"href":"https:\/\/www.tjspartakvaltirov.cz\/index.php?rest_route=\/wp\/v2\/media\/3002"}],"wp:attachment":[{"href":"https:\/\/www.tjspartakvaltirov.cz\/index.php?rest_route=%2Fwp%2Fv2%2Fmedia&parent=3001"}],"wp:term":[{"taxonomy":"category","embeddable":true,"href":"https:\/\/www.tjspartakvaltirov.cz\/index.php?rest_route=%2Fwp%2Fv2%2Fcategories&post=3001"},{"taxonomy":"post_tag","embeddable":true,"href":"https:\/\/www.tjspartakvaltirov.cz\/index.php?rest_route=%2Fwp%2Fv2%2Ftags&post=3001"}],"curies":[{"name":"wp","href":"https:\/\/api.w.org\/{rel}","templated":true}]}}