{"id":3011,"date":"2025-09-14T15:06:17","date_gmt":"2025-09-14T13:06:17","guid":{"rendered":"https:\/\/www.tjspartakvaltirov.cz\/?p=3011"},"modified":"2025-09-14T16:12:07","modified_gmt":"2025-09-14T14:12:07","slug":"spartak-odolal-svadovu-dest-prinesl-remizu","status":"publish","type":"post","link":"https:\/\/www.tjspartakvaltirov.cz\/?p=3011","title":{"rendered":"Spartak odolal Sv\u00e1dovu \u2013 d\u00e9\u0161\u0165 p\u0159inesl rem\u00edzu"},"content":{"rendered":"\n<p>Utk\u00e1n\u00ed ve Sv\u00e1dov\u011b skon\u010dilo rem\u00edzou 1:1, po polo\u010dase 1:0. Z\u00e1pas se odehr\u00e1l v de\u0161tiv\u00e9m dopoledni, ale i tak se na\u0161la skupinka fanou\u0161k\u016f, kte\u0159\u00ed p\u0159i\u0161li podpo\u0159it Spartak.<\/p>\n\n\n\n<p>Od za\u010d\u00e1tku utk\u00e1n\u00ed jsme dominovali na m\u00ed\u010di a kontrolovali hru, bohu\u017eel jsme se nedok\u00e1zali prosadit. Dom\u00e1c\u00ed vyu\u017eili na\u0161eho podklouznut\u00ed a Fran\u011bk ve 12. minut\u011b p\u0159ehodil vyb\u011bhnuv\u0161\u00edho brank\u00e1\u0159e. Polo\u010das tak skon\u010dil 1:0 pro dom\u00e1c\u00ed, p\u0159esto na\u0161e obrana dr\u017eela \u010dist\u00fd \u0161t\u00edt proti dal\u0161\u00edm pokus\u016fm.<\/p>\n\n\n\n<p>Do druh\u00e9ho polo\u010dasu jsme vstoupili aktivn\u011b a ji\u017e v 56. minut\u011b p\u0159i\u0161el vyrovn\u00e1vac\u00ed g\u00f3l. \u0160ump\u00edk zat\u00e1hl m\u00ed\u010d po lev\u00e9 stran\u011b a\u017e k brankov\u00e9 \u010d\u00e1\u0159e a poslal p\u0159esnou p\u0159ihr\u00e1vku na zadn\u00ed ty\u010d, kde Barn\u00e1t zbl\u00edzka nezav\u00e1hal.<\/p>\n\n\n\n<p>Po vyrovn\u00e1n\u00ed jsme se sna\u017eili o v\u00edt\u011bzstv\u00ed, ale chyby n\u00e1s zpomalily. Obrana i brank\u00e1\u0159 ale nedovolili dom\u00e1c\u00edm zm\u011bnit stav a rem\u00edza 1:1 byla definitivn\u00ed.<\/p>\n\n\n\n<p>I kdy\u017e pr\u0161elo a bylo mokro, n\u00e1ladu n\u00e1m to nezkazilo. V z\u00e1pase se tak\u00e9 objevil n\u00e1\u0161 b\u00fdval\u00fd hr\u00e1\u010d Va\u0161ek Kott, kter\u00fd se sna\u017eil dom\u00e1c\u00edm znep\u0159\u00edjemnit hru, ale v\u0161echny jeho pokusy skon\u010dily v rukavic\u00edch na\u0161eho g\u00f3lmana.<\/p>\n\n\n\n<p><strong>Pou\u010den\u00ed ze z\u00e1pasu:<\/strong> iba tr\u00e9nink rob\u00ed majstrov \u2013 ka\u017ed\u00e9 utk\u00e1n\u00ed je lekc\u00ed, z kter\u00e9 se u\u010d\u00edme.<\/p>\n","protected":false},"excerpt":{"rendered":"<p>Utk\u00e1n\u00ed ve Sv\u00e1dov\u011b skon\u010dilo rem\u00edzou 1:1, po polo\u010dase 1:0. Z\u00e1pas se odehr\u00e1l v de\u0161tiv\u00e9m dopoledni, ale i tak se na\u0161la skupinka fanou\u0161k\u016f, kte\u0159\u00ed p\u0159i\u0161li podpo\u0159it Spartak. Od za\u010d\u00e1tku utk\u00e1n\u00ed jsme dominovali na m\u00ed\u010di a kontrolovali hru, bohu\u017eel jsme se nedok\u00e1zali prosadit. Dom\u00e1c\u00ed vyu\u017eili na\u0161eho podklouznut\u00ed a Fran\u011bk ve 12. minut\u011b p\u0159ehodil vyb\u011bhnuv\u0161\u00edho brank\u00e1\u0159e. Polo\u010das tak [&hellip;]<\/p>\n","protected":false},"author":1,"featured_media":3012,"comment_status":"closed","ping_status":"open","sticky":false,"template":"","format":"standard","meta":{"footnotes":""},"categories":[79,37],"tags":[],"class_list":["post-3011","post","type-post","status-publish","format-standard","has-post-thumbnail","hentry","category-match","category-news"],"_links":{"self":[{"href":"https:\/\/www.tjspartakvaltirov.cz\/index.php?rest_route=\/wp\/v2\/posts\/3011","targetHints":{"allow":["GET"]}}],"collection":[{"href":"https:\/\/www.tjspartakvaltirov.cz\/index.php?rest_route=\/wp\/v2\/posts"}],"about":[{"href":"https:\/\/www.tjspartakvaltirov.cz\/index.php?rest_route=\/wp\/v2\/types\/post"}],"author":[{"embeddable":true,"href":"https:\/\/www.tjspartakvaltirov.cz\/index.php?rest_route=\/wp\/v2\/users\/1"}],"replies":[{"embeddable":true,"href":"https:\/\/www.tjspartakvaltirov.cz\/index.php?rest_route=%2Fwp%2Fv2%2Fcomments&post=3011"}],"version-history":[{"count":2,"href":"https:\/\/www.tjspartakvaltirov.cz\/index.php?rest_route=\/wp\/v2\/posts\/3011\/revisions"}],"predecessor-version":[{"id":3014,"href":"https:\/\/www.tjspartakvaltirov.cz\/index.php?rest_route=\/wp\/v2\/posts\/3011\/revisions\/3014"}],"wp:featuredmedia":[{"embeddable":true,"href":"https:\/\/www.tjspartakvaltirov.cz\/index.php?rest_route=\/wp\/v2\/media\/3012"}],"wp:attachment":[{"href":"https:\/\/www.tjspartakvaltirov.cz\/index.php?rest_route=%2Fwp%2Fv2%2Fmedia&parent=3011"}],"wp:term":[{"taxonomy":"category","embeddable":true,"href":"https:\/\/www.tjspartakvaltirov.cz\/index.php?rest_route=%2Fwp%2Fv2%2Fcategories&post=3011"},{"taxonomy":"post_tag","embeddable":true,"href":"https:\/\/www.tjspartakvaltirov.cz\/index.php?rest_route=%2Fwp%2Fv2%2Ftags&post=3011"}],"curies":[{"name":"wp","href":"https:\/\/api.w.org\/{rel}","templated":true}]}}