{"id":3022,"date":"2025-09-22T10:07:23","date_gmt":"2025-09-22T08:07:23","guid":{"rendered":"https:\/\/www.tjspartakvaltirov.cz\/?p=3022"},"modified":"2025-09-22T10:07:23","modified_gmt":"2025-09-22T08:07:23","slug":"%f0%9f%92%aa%f0%9f%8c%9e-jedenact-statecnych-ve-vedru-proti-plne-lavicce-prvni-prohra-sezony","status":"publish","type":"post","link":"https:\/\/www.tjspartakvaltirov.cz\/?p=3022","title":{"rendered":"\ud83d\udcaa\ud83c\udf1e Jeden\u00e1ct state\u010dn\u00fdch ve vedru proti pln\u00e9 lavi\u010dce \u2013 prvn\u00ed prohra sez\u00f3ny"},"content":{"rendered":"\n<p>V sobotu n\u00e1s \u010dekal opravdu n\u00e1ro\u010dn\u00fd z\u00e1pas. Soupe\u0159 nastoupil s po\u010detnou st\u0159\u00edda\u010dkou, zat\u00edmco my jsme odehr\u00e1li cel\u00fd z\u00e1pas <strong>bez mo\u017enosti st\u0159\u00edd\u00e1n\u00ed<\/strong> a do akce museli i hr\u00e1\u010di, kte\u0159\u00ed minim\u00e1ln\u011b p\u016fl roku nehr\u00e1li \ud83d\ude05. Ano, ob\u010das to vypadalo, \u017ee bal\u00f3n m\u00e1 vlastn\u00ed v\u016fli a my s t\u00edm nemohli nic d\u011blat.<\/p>\n\n\n\n<p>Prvn\u00ed polo\u010das jsme cht\u011bli soupe\u0159e \u201eo\u0165ukat\u201c a zjistit, co si m\u016f\u017eeme dovolit \u26a1. M\u00edsto toho jsme se dopustili <strong>sam\u00fdch chyb<\/strong> a je mal\u00fd z\u00e1zrak, \u017ee jsme inkasovali jen jeden g\u00f3l \u2013 po vlastn\u00ed chyb\u011b. Cel\u00fd polo\u010das jsme hledali zp\u016fsob, jak bal\u00f3n v\u016fbec udr\u017eet ve h\u0159e, ale ob\u010das se zd\u00e1l b\u00fdt z\u00e1ke\u0159n\u011b neviditeln\u00fd \ud83c\udf00. Jedinou na\u0161\u00ed \u0161anci si vypracoval Weigert, kter\u00fd se vydal na samostatn\u00fd \u00fanik, ale trefil p\u0159esn\u011b p\u0159ipraven\u00e9ho hostuj\u00edc\u00edho brank\u00e1\u0159e \u2013 z\u016fstalo 0:1.<\/p>\n\n\n\n<p>Do druh\u00e9ho polo\u010dasu jsme vstoupili s c\u00edlem l\u00e9pe kombinovat a b\u00fdt aktivn\u011bj\u0161\u00ed na m\u00ed\u010di \u26a1. M\u011bli jsme n\u011bkolik p\u0159\u00edle\u017eitost\u00ed, ale soupe\u0159 byl pohybliv\u011bj\u0161\u00ed \ud83c\udfc3\u200d\u2642\ufe0f\ud83d\udca8 a dok\u00e1zal sk\u00f3re uzav\u0159\u00edt na kone\u010dn\u00fdch 0:2. Jeho st\u0159ely v\u011bt\u0161inou kon\u010dily v rukavic\u00edch na\u0161eho brank\u00e1\u0159e \u2013 a\u017e na jednu povedenou, kter\u00e1 zavr\u0161ila sk\u00f3re.<\/p>\n\n\n\n<p>Velk\u00fd respekt a d\u00edk pat\u0159\u00ed na\u0161im <strong>jeden\u00e1cti state\u010dn\u00fdm<\/strong>, kte\u0159\u00ed v hork\u00e9m odpoledni riskovali zdrav\u00ed a s\u00edly \u2694\ufe0f\ud83d\udd25. I kdy\u017e body dnes z\u016fstaly soupe\u0159i, uk\u00e1zali jsme bojovnost, odhodl\u00e1n\u00ed a humor na h\u0159i\u0161ti \ud83d\udc9a\u26aa. <strong>P\u0159\u00ed\u0161t\u011b budeme bojovat o ka\u017ed\u00fd bod a nikomu nic nedarujeme! \ud83d\udcaa<\/strong><\/p>\n\n\n\n<p><strong>Sestava Spartaku Valt\u00ed\u0159ov:<\/strong><br>\u017di\u017eka \u2013 Jav\u016frek, Pel\u00ed\u0161ek, Barnat, L\u00edzr \u2013 Pto\u0161ek, \u0160ump\u00edk, Hahn, Patyk \u2013 Kratochv\u00edl, Weigert<\/p>\n\n\n\n<p><strong>St\u0159\u00eddaj\u00edc\u00ed:<\/strong> \u2013<\/p>\n\n\n\n<p>#TJSpartakValtirov #Fotbal #Prvn\u00edProhra #State\u010dn\u00e1Jeden\u00e1ctka #NeverGiveUp<\/p>\n","protected":false},"excerpt":{"rendered":"<p>V sobotu n\u00e1s \u010dekal opravdu n\u00e1ro\u010dn\u00fd z\u00e1pas. Soupe\u0159 nastoupil s po\u010detnou st\u0159\u00edda\u010dkou, zat\u00edmco my jsme odehr\u00e1li cel\u00fd z\u00e1pas bez mo\u017enosti st\u0159\u00edd\u00e1n\u00ed a do akce museli i hr\u00e1\u010di, kte\u0159\u00ed minim\u00e1ln\u011b p\u016fl roku nehr\u00e1li \ud83d\ude05. Ano, ob\u010das to vypadalo, \u017ee bal\u00f3n m\u00e1 vlastn\u00ed v\u016fli a my s t\u00edm nemohli nic d\u011blat. Prvn\u00ed polo\u010das jsme cht\u011bli soupe\u0159e \u201eo\u0165ukat\u201c [&hellip;]<\/p>\n","protected":false},"author":1,"featured_media":3023,"comment_status":"closed","ping_status":"open","sticky":false,"template":"","format":"standard","meta":{"footnotes":""},"categories":[79,37],"tags":[],"class_list":["post-3022","post","type-post","status-publish","format-standard","has-post-thumbnail","hentry","category-match","category-news"],"_links":{"self":[{"href":"https:\/\/www.tjspartakvaltirov.cz\/index.php?rest_route=\/wp\/v2\/posts\/3022","targetHints":{"allow":["GET"]}}],"collection":[{"href":"https:\/\/www.tjspartakvaltirov.cz\/index.php?rest_route=\/wp\/v2\/posts"}],"about":[{"href":"https:\/\/www.tjspartakvaltirov.cz\/index.php?rest_route=\/wp\/v2\/types\/post"}],"author":[{"embeddable":true,"href":"https:\/\/www.tjspartakvaltirov.cz\/index.php?rest_route=\/wp\/v2\/users\/1"}],"replies":[{"embeddable":true,"href":"https:\/\/www.tjspartakvaltirov.cz\/index.php?rest_route=%2Fwp%2Fv2%2Fcomments&post=3022"}],"version-history":[{"count":1,"href":"https:\/\/www.tjspartakvaltirov.cz\/index.php?rest_route=\/wp\/v2\/posts\/3022\/revisions"}],"predecessor-version":[{"id":3024,"href":"https:\/\/www.tjspartakvaltirov.cz\/index.php?rest_route=\/wp\/v2\/posts\/3022\/revisions\/3024"}],"wp:featuredmedia":[{"embeddable":true,"href":"https:\/\/www.tjspartakvaltirov.cz\/index.php?rest_route=\/wp\/v2\/media\/3023"}],"wp:attachment":[{"href":"https:\/\/www.tjspartakvaltirov.cz\/index.php?rest_route=%2Fwp%2Fv2%2Fmedia&parent=3022"}],"wp:term":[{"taxonomy":"category","embeddable":true,"href":"https:\/\/www.tjspartakvaltirov.cz\/index.php?rest_route=%2Fwp%2Fv2%2Fcategories&post=3022"},{"taxonomy":"post_tag","embeddable":true,"href":"https:\/\/www.tjspartakvaltirov.cz\/index.php?rest_route=%2Fwp%2Fv2%2Ftags&post=3022"}],"curies":[{"name":"wp","href":"https:\/\/api.w.org\/{rel}","templated":true}]}}