{"id":3106,"date":"2025-12-06T00:54:28","date_gmt":"2025-12-05T23:54:28","guid":{"rendered":"https:\/\/www.tjspartakvaltirov.cz\/?p=3106"},"modified":"2025-12-06T00:54:28","modified_gmt":"2025-12-05T23:54:28","slug":"%f0%9f%a5%b6-zimni-liga-2026-je-tady","status":"publish","type":"post","link":"https:\/\/www.tjspartakvaltirov.cz\/?p=3106","title":{"rendered":"\ud83e\udd76 ZIMN\u00cd LIGA 2026 JE TADY!"},"content":{"rendered":"\n<p><strong>Nejv\u011bt\u0161\u00ed zimn\u00ed amat\u00e9rsk\u00fd fotbalov\u00fd turnaj v regionu startuje 3. ledna<\/strong><\/p>\n\n\n\n<p>Leto\u0161n\u00ed ro\u010dn\u00edk zimn\u00ed ligy p\u0159in\u00e1\u0161\u00ed hned n\u011bkolik novinek. <strong>Poprv\u00e9 se turnaje \u00fa\u010dastn\u00ed 10 t\u00fdm\u016f<\/strong>, co\u017e je oproti lo\u0148sku n\u00e1r\u016fst o dva celky. Znamen\u00e1 to <strong>v\u00edce z\u00e1pas\u016f, v\u00edce g\u00f3l\u016f a v\u00edce prostoru uk\u00e1zat, na \u010dem kdo pracoval b\u011bhem zimn\u00ed pauzy.<\/strong> V\u0161echny utk\u00e1n\u00ed se tradi\u010dn\u011b odehraj\u00ed na <strong>um\u011bl\u00e9 tr\u00e1v\u011b v Ne\u0161t\u011bmic\u00edch<\/strong>, co\u017e slibuje f\u00e9rov\u00e9 podm\u00ednky pro v\u0161echny.<\/p>\n\n\n\n<p>Velk\u00fdm favoritem turnaje je <strong>dom\u00e1c\u00ed t\u00fdm Ne\u0161t\u011bmic B<\/strong>, kter\u00fd disponuje vysokou ofenzivn\u00ed silou a pat\u0159\u00ed dlouhodob\u011b mezi nejkvalitn\u011bj\u0161\u00ed amat\u00e9rsk\u00e9 t\u00fdmy v regionu. O \u010dern\u00e9ho kon\u011b se bude uch\u00e1zet i <strong>FK Chuderov B<\/strong>, vedouc\u00ed celek 9. ligy, kter\u00fd podzimem pro\u0161el <strong>bez jedin\u00e9 por\u00e1\u017eky<\/strong> a nast\u0159\u00edlel \u00factyhodn\u00fdch <strong>63 branek<\/strong>.<\/p>\n\n\n\n<p>A co my? <strong>TJ Spartak Valt\u00ed\u0159ov<\/strong> vstupuje do turnaje s jasn\u00fdm c\u00edlem: <em>neud\u011blat ostudu, poprat se o ka\u017ed\u00fd bod a prov\u011b\u0159it hr\u00e1\u010de i hern\u00ed syst\u00e9m p\u0159ed jarn\u00ed \u010d\u00e1st\u00ed sout\u011b\u017ee<\/em>. V\u011b\u0159\u00edme, \u017ee kvalitn\u00ed soupe\u0159i, zimn\u00ed podm\u00ednky a pravideln\u00e9 z\u00e1pasov\u00e9 vyt\u00ed\u017een\u00ed posunou t\u00fdm spr\u00e1vn\u00fdm sm\u011brem.<\/p>\n\n\n\n<hr class=\"wp-block-separator has-alpha-channel-opacity\"\/>\n\n\n\n<h2 class=\"wp-block-heading\">\ud83d\udcc5 PROGRAM ZIMN\u00cd LIGY 2026 (Ne\u0161t\u011bmice \u2013 UMT)<\/h2>\n\n\n\n<p><strong>3. ledna (13:00)<\/strong><br><strong>FK Jiskra Velk\u00e9 B\u0159ezno \u2013 TJ Spartak Valt\u00ed\u0159ov<\/strong><\/p>\n\n\n\n<p><strong>10. ledna (17:00)<\/strong><br><strong>TJ Spartak Valt\u00ed\u0159ov \u2013 Sokol Prackovice<\/strong><\/p>\n\n\n\n<p><strong>17. ledna (9:00)<\/strong><br><strong>Ko\u0161\u0165any \u2013 TJ Spartak Valt\u00ed\u0159ov<\/strong><\/p>\n\n\n\n<p><strong>24. ledna (13:00)<\/strong><br><strong>TJ Spartak Valt\u00ed\u0159ov \u2013 FK Mal\u0161ovice<\/strong><\/p>\n\n\n\n<p><strong>31. ledna (17:00)<\/strong><br><strong>Chuderov B \u2013 TJ Spartak Valt\u00ed\u0159ov<\/strong><\/p>\n\n\n\n<p><strong>7. \u00fanora (9:00)<\/strong><br><strong>TJ Spartak Valt\u00ed\u0159ov \u2013 FK Libochovice<\/strong><\/p>\n\n\n\n<p><strong>14. \u00fanora (11:00)<\/strong><br><strong>TJ P\u0159estanov \u2013 TJ Spartak Valt\u00ed\u0159ov<\/strong><\/p>\n\n\n\n<p><strong>21. \u00fanora (17:00)<\/strong><br><strong>Hostomice \u2013 TJ Spartak Valt\u00ed\u0159ov<\/strong><\/p>\n\n\n\n<p><strong>28. \u00fanora (17:00)<\/strong><br><strong>TJ Spartak Valt\u00ed\u0159ov \u2013 Ne\u0161t\u011bmice B<\/strong><\/p>\n\n\n\n<hr class=\"wp-block-separator has-alpha-channel-opacity\"\/>\n\n\n\n<h2 class=\"wp-block-heading\">\ud83e\udde9 P\u0158EDSTAVEN\u00cd T\u00ddM\u016e<\/h2>\n\n\n\n<p>Zde je stru\u010dn\u00fd p\u0159ehled v\u0161ech \u00fa\u010dastn\u00edk\u016f turnaje 2026 \u2013 jejich podzimn\u00ed v\u00fdsledky, sout\u011b\u017ee a hr\u00e1\u010di, kte\u0159\u00ed se vyplat\u00ed sledovat:<\/p>\n\n\n\n<h3 class=\"wp-block-heading\">\ud83d\udfe0 FK Jiskra Velk\u00e9 B\u0159ezno<\/h3>\n\n\n\n<ul class=\"wp-block-list\">\n<li>\n<ol start=\"7\" class=\"wp-block-list\">\n<li>liga \u00dasteck\u00fd kraj, posledn\u00ed m\u00edsto, bilance 1\u20131\u201313<\/li>\n<\/ol>\n<\/li>\n\n\n\n<li>Nejlep\u0161\u00ed st\u0159elec: <strong>Ond\u0159ej Vichra (5 g\u00f3l\u016f)<\/strong><\/li>\n\n\n\n<li>V zimn\u00edm turnaji budou cht\u00edt zvednout hlavu a zkusit nov\u00e9 hr\u00e1\u010de<\/li>\n<\/ul>\n\n\n\n<h3 class=\"wp-block-heading\">\ud83d\udfe1 TJ Sokol Prackovice<\/h3>\n\n\n\n<ul class=\"wp-block-list\">\n<li>\n<ol start=\"10\" class=\"wp-block-list\">\n<li>liga Litom\u011b\u0159ice, 5. m\u00edsto, bilance 6\u20130\u20134<\/li>\n<\/ol>\n<\/li>\n\n\n\n<li>Nejlep\u0161\u00ed st\u0159elec: <strong>Jan Vesel\u00fd (10 g\u00f3l\u016f)<\/strong><\/li>\n\n\n\n<li>Stabiln\u00ed podzim, dobr\u00e9 veden\u00ed \u00fatoku<\/li>\n<\/ul>\n\n\n\n<h3 class=\"wp-block-heading\">\ud83d\udd34 TJ Sokol Ko\u0161\u0165any<\/h3>\n\n\n\n<ul class=\"wp-block-list\">\n<li>\n<ol start=\"8\" class=\"wp-block-list\">\n<li>liga Teplice, 2. m\u00edsto, bilance 9\u20130\u20134<\/li>\n<\/ol>\n<\/li>\n\n\n\n<li>Nejlep\u0161\u00ed st\u0159elec: <strong>Adam Mat\u011bjovsk\u00fd (11 g\u00f3l\u016f)<\/strong><\/li>\n\n\n\n<li>Jeden z nejv\u011bt\u0161\u00edch favorit\u016f turnaje<\/li>\n<\/ul>\n\n\n\n<h3 class=\"wp-block-heading\">\ud83d\udfe2 FK Mal\u0161ovice (B t\u00fdm)<\/h3>\n\n\n\n<ul class=\"wp-block-list\">\n<li>\n<ol start=\"9\" class=\"wp-block-list\">\n<li>liga D\u011b\u010d\u00ednsko, bilance 7\u20130\u20134<\/li>\n<\/ol>\n<\/li>\n\n\n\n<li>Nejlep\u0161\u00ed st\u0159elec: <strong>Alexander \u0160ticha (6 g\u00f3l\u016f)<\/strong><\/li>\n\n\n\n<li>Spojuj\u00ed dobrou obranu s produktivn\u00ed ofenzivou<\/li>\n<\/ul>\n\n\n\n<h3 class=\"wp-block-heading\">\ud83d\udd35 FK Chuderov B<\/h3>\n\n\n\n<ul class=\"wp-block-list\">\n<li>\n<ol start=\"9\" class=\"wp-block-list\">\n<li>liga \u00dast\u00ed, <strong>1. m\u00edsto<\/strong>, bilance 9\u20130\u20134<\/li>\n<\/ol>\n<\/li>\n\n\n\n<li>Nej st\u0159elci: <strong>Jan Dosp\u011bl (14)<\/strong> a <strong>Martin Vosyka (13)<\/strong><\/li>\n\n\n\n<li>Nejofenzivn\u011bj\u0161\u00ed t\u00fdm v turnaji<\/li>\n<\/ul>\n\n\n\n<h3 class=\"wp-block-heading\">\ud83d\udd35 FK Libochovice<\/h3>\n\n\n\n<ul class=\"wp-block-list\">\n<li>\n<ol start=\"8\" class=\"wp-block-list\">\n<li>liga Litom\u011b\u0159ice, posledn\u00ed m\u00edsto, 0\u20130\u201313<\/li>\n<\/ol>\n<\/li>\n\n\n\n<li>Nejlep\u0161\u00ed st\u0159elec: <strong>Jan \u0160turm (4 g\u00f3ly)<\/strong><\/li>\n<\/ul>\n\n\n\n<h3 class=\"wp-block-heading\">\ud83d\udfe1 TJ P\u0159estanov<\/h3>\n\n\n\n<ul class=\"wp-block-list\">\n<li>\n<ol start=\"7\" class=\"wp-block-list\">\n<li>liga \u00dasteck\u00fd kraj, 14. m\u00edsto, 4\u20130\u201311<\/li>\n<\/ol>\n<\/li>\n\n\n\n<li>Nej st\u0159elec: <strong>Martin Levinsk\u00fd (10 g\u00f3l\u016f)<\/strong> \u2013 kari\u00e9ru ukon\u010dil<\/li>\n\n\n\n<li>Bez sv\u00e9ho kanon\u00fdra budou muset naj\u00edt nov\u00e9ho tahouna<\/li>\n<\/ul>\n\n\n\n<h3 class=\"wp-block-heading\">\u26ab FK Hostomice<\/h3>\n\n\n\n<ul class=\"wp-block-list\">\n<li>\n<ol start=\"8\" class=\"wp-block-list\">\n<li>liga Teplice, 6. m\u00edsto, bilance 6\u20130\u20137<\/li>\n<\/ol>\n<\/li>\n\n\n\n<li>Nej st\u0159elec: <strong>Josef Mergl (9 g\u00f3l\u016f)<\/strong><\/li>\n\n\n\n<li>Hodn\u011b b\u011bhav\u00fd t\u00fdm, siln\u00e9 brejky<\/li>\n<\/ul>\n\n\n\n<h3 class=\"wp-block-heading\">\ud83d\udd34 Ne\u0161t\u011bmice B<\/h3>\n\n\n\n<ul class=\"wp-block-list\">\n<li>\n<ol start=\"7\" class=\"wp-block-list\">\n<li>liga \u00dasteck\u00fd kraj, 8. m\u00edsto, 7\u20132\u20136<\/li>\n<\/ol>\n<\/li>\n\n\n\n<li>Nej st\u0159elec: <strong>Martin Dvo\u0159\u00e1k (16 g\u00f3l\u016f)<\/strong><\/li>\n\n\n\n<li><strong>Dom\u00e1c\u00ed t\u00fdm a nejv\u011bt\u0161\u00ed pap\u00edrov\u00fd favorit cel\u00e9ho turnaje<\/strong><\/li>\n<\/ul>\n\n\n\n<hr class=\"wp-block-separator has-alpha-channel-opacity\"\/>\n\n\n\n<p>Zimn\u00ed liga 2026 slibuje <strong>v\u00fdborn\u00e9 z\u00e1pasy, pestr\u00e9 soupe\u0159e a mo\u017enost prov\u011b\u0159it cel\u00fd k\u00e1dr TJ Spartak Valt\u00ed\u0159ov.<\/strong> Douf\u00e1me, \u017ee n\u00e1s budete podporovat i v zimn\u00edch m\u011bs\u00edc\u00edch, a\u0165 u\u017e p\u0159\u00edmo v Ne\u0161t\u011bmic\u00edch nebo online skrze na\u0161e soci\u00e1ln\u00ed s\u00edt\u011b.<\/p>\n\n\n\n<p>\ud83d\udc49 <strong>Sledujte n\u00e1s na Facebooku, Instagramu a X \u2013 kde najdete v\u00fdsledky, sestavy, fotky, st\u0159elce i pr\u016fb\u011b\u017enou tabulku turnaje.<\/strong><\/p>\n","protected":false},"excerpt":{"rendered":"<p>Nejv\u011bt\u0161\u00ed zimn\u00ed amat\u00e9rsk\u00fd fotbalov\u00fd turnaj v regionu startuje 3. ledna Leto\u0161n\u00ed ro\u010dn\u00edk zimn\u00ed ligy p\u0159in\u00e1\u0161\u00ed hned n\u011bkolik novinek. Poprv\u00e9 se turnaje \u00fa\u010dastn\u00ed 10 t\u00fdm\u016f, co\u017e je oproti lo\u0148sku n\u00e1r\u016fst o dva celky. Znamen\u00e1 to v\u00edce z\u00e1pas\u016f, v\u00edce g\u00f3l\u016f a v\u00edce prostoru uk\u00e1zat, na \u010dem kdo pracoval b\u011bhem zimn\u00ed pauzy. V\u0161echny utk\u00e1n\u00ed se tradi\u010dn\u011b odehraj\u00ed na [&hellip;]<\/p>\n","protected":false},"author":1,"featured_media":3107,"comment_status":"closed","ping_status":"open","sticky":false,"template":"","format":"standard","meta":{"footnotes":""},"categories":[37],"tags":[],"class_list":["post-3106","post","type-post","status-publish","format-standard","has-post-thumbnail","hentry","category-news"],"_links":{"self":[{"href":"https:\/\/www.tjspartakvaltirov.cz\/index.php?rest_route=\/wp\/v2\/posts\/3106","targetHints":{"allow":["GET"]}}],"collection":[{"href":"https:\/\/www.tjspartakvaltirov.cz\/index.php?rest_route=\/wp\/v2\/posts"}],"about":[{"href":"https:\/\/www.tjspartakvaltirov.cz\/index.php?rest_route=\/wp\/v2\/types\/post"}],"author":[{"embeddable":true,"href":"https:\/\/www.tjspartakvaltirov.cz\/index.php?rest_route=\/wp\/v2\/users\/1"}],"replies":[{"embeddable":true,"href":"https:\/\/www.tjspartakvaltirov.cz\/index.php?rest_route=%2Fwp%2Fv2%2Fcomments&post=3106"}],"version-history":[{"count":1,"href":"https:\/\/www.tjspartakvaltirov.cz\/index.php?rest_route=\/wp\/v2\/posts\/3106\/revisions"}],"predecessor-version":[{"id":3108,"href":"https:\/\/www.tjspartakvaltirov.cz\/index.php?rest_route=\/wp\/v2\/posts\/3106\/revisions\/3108"}],"wp:featuredmedia":[{"embeddable":true,"href":"https:\/\/www.tjspartakvaltirov.cz\/index.php?rest_route=\/wp\/v2\/media\/3107"}],"wp:attachment":[{"href":"https:\/\/www.tjspartakvaltirov.cz\/index.php?rest_route=%2Fwp%2Fv2%2Fmedia&parent=3106"}],"wp:term":[{"taxonomy":"category","embeddable":true,"href":"https:\/\/www.tjspartakvaltirov.cz\/index.php?rest_route=%2Fwp%2Fv2%2Fcategories&post=3106"},{"taxonomy":"post_tag","embeddable":true,"href":"https:\/\/www.tjspartakvaltirov.cz\/index.php?rest_route=%2Fwp%2Fv2%2Ftags&post=3106"}],"curies":[{"name":"wp","href":"https:\/\/api.w.org\/{rel}","templated":true}]}}