{"id":3232,"date":"2026-04-12T22:11:44","date_gmt":"2026-04-12T21:11:44","guid":{"rendered":"https:\/\/www.tjspartakvaltirov.cz\/?p=3232"},"modified":"2026-04-12T22:11:44","modified_gmt":"2026-04-12T21:11:44","slug":"%f0%9f%94%a5-paleni-carodejnic-ve-valtirove-2026","status":"publish","type":"post","link":"https:\/\/www.tjspartakvaltirov.cz\/?p=3232","title":{"rendered":"\ud83d\udd25 P\u00e1len\u00ed \u010darod\u011bjnic ve Valt\u00ed\u0159ov\u011b 2026"},"content":{"rendered":"\n<p>Srde\u010dn\u011b zveme v\u0161echny mal\u00e9 i velk\u00e9 na tradi\u010dn\u00ed <strong>p\u00e1len\u00ed \u010darod\u011bjnic<\/strong>, kter\u00e9 se uskute\u010dn\u00ed na h\u0159i\u0161ti TJ Spartak Valt\u00ed\u0159ov.<\/p>\n\n\n\n<p>\ud83d\uddd3 <strong>30. dubna 2026<\/strong><br>\ud83d\udd53 <strong>za\u010d\u00e1tek v 16:00<\/strong><br>\ud83d\udd25 <strong>zap\u00e1len\u00ed \u010darod\u011bjnice v 17:30<\/strong><\/p>\n\n\n\n<p>Pro d\u011bti i dosp\u011bl\u00e9 je p\u0159ipraven pestr\u00fd program pln\u00fd z\u00e1bavy, pohybu i tvo\u0159en\u00ed. T\u011b\u0161it se m\u016f\u017eete nap\u0159\u00edklad na:<\/p>\n\n\n\n<ul class=\"wp-block-list\">\n<li>\ud83e\uddd9\u200d\u2642\ufe0f \u010darovn\u00fd tr\u00e9nink s Honzou<\/li>\n\n\n\n<li>\ud83c\udfc3\u200d\u2642\ufe0f hrav\u00e9 \u010darov\u00e1n\u00ed v pohybu<\/li>\n\n\n\n<li>\ud83c\udfa8 tvo\u0159ivou d\u00edlnu pro nejmen\u0161\u00ed<\/li>\n\n\n\n<li>\ud83c\udfad malov\u00e1n\u00ed na obli\u010dej<\/li>\n\n\n\n<li>\ud83d\udc7b sout\u011b\u017e o nejlep\u0161\u00ed masku<\/li>\n\n\n\n<li>\ud83c\udf32 stezku odvahy<\/li>\n<\/ul>\n\n\n\n<p>Akce je ide\u00e1ln\u00ed p\u0159\u00edle\u017eitost\u00ed, jak si u\u017e\u00edt p\u0159\u00edjemn\u00e9 odpoledne s rodinou, potkat se s p\u0159\u00e1teli a nas\u00e1t pravou jarn\u00ed atmosf\u00e9ru.<\/p>\n\n\n\n<p>\ud83c\udf9f <strong>Vstup je zdarma<\/strong><\/p>\n\n\n\n<p>T\u011b\u0161\u00edme se na v\u00e1s!<\/p>\n","protected":false},"excerpt":{"rendered":"<p>Srde\u010dn\u011b zveme v\u0161echny mal\u00e9 i velk\u00e9 na tradi\u010dn\u00ed p\u00e1len\u00ed \u010darod\u011bjnic, kter\u00e9 se uskute\u010dn\u00ed na h\u0159i\u0161ti TJ Spartak Valt\u00ed\u0159ov. \ud83d\uddd3 30. dubna 2026\ud83d\udd53 za\u010d\u00e1tek v 16:00\ud83d\udd25 zap\u00e1len\u00ed \u010darod\u011bjnice v 17:30 Pro d\u011bti i dosp\u011bl\u00e9 je p\u0159ipraven pestr\u00fd program pln\u00fd z\u00e1bavy, pohybu i tvo\u0159en\u00ed. T\u011b\u0161it se m\u016f\u017eete nap\u0159\u00edklad na: Akce je ide\u00e1ln\u00ed p\u0159\u00edle\u017eitost\u00ed, jak si u\u017e\u00edt p\u0159\u00edjemn\u00e9 [&hellip;]<\/p>\n","protected":false},"author":1,"featured_media":3233,"comment_status":"closed","ping_status":"open","sticky":false,"template":"","format":"standard","meta":{"footnotes":""},"categories":[37],"tags":[],"class_list":["post-3232","post","type-post","status-publish","format-standard","has-post-thumbnail","hentry","category-news"],"_links":{"self":[{"href":"https:\/\/www.tjspartakvaltirov.cz\/index.php?rest_route=\/wp\/v2\/posts\/3232","targetHints":{"allow":["GET"]}}],"collection":[{"href":"https:\/\/www.tjspartakvaltirov.cz\/index.php?rest_route=\/wp\/v2\/posts"}],"about":[{"href":"https:\/\/www.tjspartakvaltirov.cz\/index.php?rest_route=\/wp\/v2\/types\/post"}],"author":[{"embeddable":true,"href":"https:\/\/www.tjspartakvaltirov.cz\/index.php?rest_route=\/wp\/v2\/users\/1"}],"replies":[{"embeddable":true,"href":"https:\/\/www.tjspartakvaltirov.cz\/index.php?rest_route=%2Fwp%2Fv2%2Fcomments&post=3232"}],"version-history":[{"count":1,"href":"https:\/\/www.tjspartakvaltirov.cz\/index.php?rest_route=\/wp\/v2\/posts\/3232\/revisions"}],"predecessor-version":[{"id":3234,"href":"https:\/\/www.tjspartakvaltirov.cz\/index.php?rest_route=\/wp\/v2\/posts\/3232\/revisions\/3234"}],"wp:featuredmedia":[{"embeddable":true,"href":"https:\/\/www.tjspartakvaltirov.cz\/index.php?rest_route=\/wp\/v2\/media\/3233"}],"wp:attachment":[{"href":"https:\/\/www.tjspartakvaltirov.cz\/index.php?rest_route=%2Fwp%2Fv2%2Fmedia&parent=3232"}],"wp:term":[{"taxonomy":"category","embeddable":true,"href":"https:\/\/www.tjspartakvaltirov.cz\/index.php?rest_route=%2Fwp%2Fv2%2Fcategories&post=3232"},{"taxonomy":"post_tag","embeddable":true,"href":"https:\/\/www.tjspartakvaltirov.cz\/index.php?rest_route=%2Fwp%2Fv2%2Ftags&post=3232"}],"curies":[{"name":"wp","href":"https:\/\/api.w.org\/{rel}","templated":true}]}}